{"id":975,"date":"2015-04-10T00:00:00","date_gmt":"2022-03-10T02:46:52","guid":{"rendered":"https:\/\/www.lrmm.com\/lrmm-au-feminin-journee-fleurie-chez-les-aines\/"},"modified":"2022-03-10T00:21:52","modified_gmt":"2022-03-10T05:21:52","slug":"lrmm-au-feminin-journee-fleurie-chez-les-aines","status":"publish","type":"post","link":"https:\/\/www.lrmm.com\/fr\/actualite-s\/nouvelles\/2015-nouvelles\/lrmm-au-feminin-journee-fleurie-chez-les-aines\/","title":{"rendered":"LRMM au f\u00e9minin &#8211; Journ\u00e9e fleurie chez les a\u00een\u00e9s"},"content":{"rendered":"<table width=\"400\" border=\"0\" cellpadding=\"0\" cellspacing=\"0\">\n<tbody>\n<tr>\n<td><img decoding=\"async\" src=\"\/CMS\/MediaFree\/image\/LRMM%20au%20f%C3%A9minin%20petit%20format.jpg\" width=\"328\" height=\"81\" align=\"left\" alt=\"\"><\/td>\n<\/tr>\n<\/tbody>\n<\/table>\n<p>\u00a0<\/p>\n<p><strong>JOURN\u00c9E FLEURIE CHEZ LES A\u00ceN\u00c9S<\/strong><\/p>\n<table width=\"615\" border=\"0\" cellpadding=\"0\" cellspacing=\"1\" align=\"left\">\n<tbody>\n<tr>\n<td>\n<p>Le 11 mai prochain, une trentaine de femmes du cabinet (avocates, notaires, parajuristes et cadres) se rendront \u00e0 la R\u00e9sidence Piero-Corti, r\u00e9sidence pour personnes \u00e2g\u00e9es, afin d\u2019enjoliver le quotidien des a\u00een\u00e9s par la distribution de bouquets de fleurs.<\/p>\n<p>Tabliers, ciseaux et gants \u00e0 la main, les membres de l\u2019\u00e9quipe de LRMM au f\u00e9minin tailleront des fleurs r\u00e9cup\u00e9r\u00e9es et pr\u00e9pareront une centaine de bouquets tous aussi jolis et color\u00e9s les uns que les autres pour ensuite en faire la distribution. Bien entendu, l\u2019\u00e9quipe de b\u00e9n\u00e9voles souhaite passer du temps avec les a\u00een\u00e9s, les \u00e9couter et faire un brin de causette avec eux.<\/p>\n<\/td>\n<td>\u00a0 \u00a0 \u00a0 \u00a0 \u00a0 \u00a0 \u00a0 \u00a0 \u00a0 \u00a0 \u00a0 \u00a0 \u00a0 \u00a0<\/td>\n<td><img decoding=\"async\" src=\"\/CMS\/MediaFree\/image\/Fleurs%20vase.png\" width=\"180\" height=\"203\" align=\"textTop\" alt=\"\"><\/td>\n<\/tr>\n<\/tbody>\n<\/table>\n<p>\u00a0<\/p>\n<table width=\"615\" border=\"0\" cellpadding=\"0\" cellspacing=\"0\">\n<tbody>\n<tr>\n<td>\n<p>Pour r\u00e9aliser cette activit\u00e9, LRMM au f\u00e9minin s\u2019est associ\u00e9 \u00e0 Floranthropie, premier organisme \u00e0 but non lucratif au Canada qui utilise le pouvoir th\u00e9rapeutique des fleurs pour apporter du bien-\u00eatre \u00e0 la collectivit\u00e9. Leur projet vise \u00e0 donner une deuxi\u00e8me vie aux bouquets utilis\u00e9s dans les \u00e9v\u00e9nements de tous genres ou aux surplus de fleurs r\u00e9cup\u00e9r\u00e9s dans les magasins pour en faire de jolis arrangements et ensuite les distribuer dans des centres de l\u2019\u00e2ge d\u2019or ou des h\u00f4pitaux du Grand Montr\u00e9al.<\/p>\n<p>Embellir la journ\u00e9e des a\u00een\u00e9s, malheureusement trop souvent seuls, c\u2019est un des objectifs que s\u2019est donn\u00e9 LRMM au f\u00e9minin en organisant cette journ\u00e9e fleurie au lendemain de la F\u00eate des M\u00e8res.<\/p>\n<\/td>\n<\/tr>\n<\/tbody>\n<\/table>\n<p>\u00a0<\/p>\n","protected":false},"excerpt":{"rendered":"<p>\u00a0 JOURN\u00c9E FLEURIE CHEZ LES A\u00ceN\u00c9S Le 11 mai prochain, une trentaine de femmes du cabinet (avocates, notaires, parajuristes et cadres) se rendront \u00e0 la R\u00e9sidence Piero-Corti, r\u00e9sidence pour personnes \u00e2g\u00e9es, afin d\u2019enjoliver le quotidien des a\u00een\u00e9s par la distribution de bouquets de fleurs. Tabliers, ciseaux et gants \u00e0 la main, les membres de l\u2019\u00e9quipe [&hellip;]<\/p>\n","protected":false},"author":1,"featured_media":0,"comment_status":"open","ping_status":"open","sticky":false,"template":"","format":"standard","meta":{"_acf_changed":false,"footnotes":""},"categories":[50,27,44],"tags":[],"class_list":["post-975","post","type-post","status-publish","format-standard","hentry","category-2015-nouvelles","category-actualite-s","category-nouvelles"],"acf":[],"yoast_head":"<!-- This site is optimized with the Yoast SEO plugin v26.9 - https:\/\/yoast.com\/product\/yoast-seo-wordpress\/ -->\n<title>LRMM au f\u00e9minin - Journ\u00e9e fleurie chez les a\u00een\u00e9s - Lapointe Rosenstein Marchand Melan\u00e7on<\/title>\n<meta name=\"robots\" content=\"index, follow, max-snippet:-1, max-image-preview:large, max-video-preview:-1\" \/>\n<link rel=\"canonical\" href=\"https:\/\/www.lrmm.com\/fr\/actualite-s\/nouvelles\/2015-nouvelles\/lrmm-au-feminin-journee-fleurie-chez-les-aines\/\" \/>\n<meta property=\"og:locale\" content=\"fr_CA\" \/>\n<meta property=\"og:type\" content=\"article\" \/>\n<meta property=\"og:title\" content=\"LRMM au f\u00e9minin - Journ\u00e9e fleurie chez les a\u00een\u00e9s - Lapointe Rosenstein Marchand Melan\u00e7on\" \/>\n<meta property=\"og:description\" content=\"\u00a0 JOURN\u00c9E FLEURIE CHEZ LES A\u00ceN\u00c9S Le 11 mai prochain, une trentaine de femmes du cabinet (avocates, notaires, parajuristes et cadres) se rendront \u00e0 la R\u00e9sidence Piero-Corti, r\u00e9sidence pour personnes \u00e2g\u00e9es, afin d\u2019enjoliver le quotidien des a\u00een\u00e9s par la distribution de bouquets de fleurs. Tabliers, ciseaux et gants \u00e0 la main, les membres de l\u2019\u00e9quipe [&hellip;]\" \/>\n<meta property=\"og:url\" content=\"https:\/\/www.lrmm.com\/fr\/actualite-s\/nouvelles\/2015-nouvelles\/lrmm-au-feminin-journee-fleurie-chez-les-aines\/\" \/>\n<meta property=\"og:site_name\" content=\"Lapointe Rosenstein Marchand Melan\u00e7on\" \/>\n<meta property=\"article:published_time\" content=\"2022-03-10T02:46:52+00:00\" \/>\n<meta property=\"article:modified_time\" content=\"2022-03-10T05:21:52+00:00\" \/>\n<meta name=\"author\" content=\"mlbwdev\" \/>\n<meta name=\"twitter:card\" content=\"summary_large_image\" \/>\n<meta name=\"twitter:label1\" content=\"\u00c9crit par\" \/>\n\t<meta name=\"twitter:data1\" content=\"mlbwdev\" \/>\n\t<meta name=\"twitter:label2\" content=\"Estimation du temps de lecture\" \/>\n\t<meta name=\"twitter:data2\" content=\"1 minute\" \/>\n<script type=\"application\/ld+json\" class=\"yoast-schema-graph\">{\"@context\":\"https:\/\/schema.org\",\"@graph\":[{\"@type\":\"Article\",\"@id\":\"https:\/\/www.lrmm.com\/fr\/actualite-s\/nouvelles\/2015-nouvelles\/lrmm-au-feminin-journee-fleurie-chez-les-aines\/#article\",\"isPartOf\":{\"@id\":\"https:\/\/www.lrmm.com\/fr\/actualite-s\/nouvelles\/2015-nouvelles\/lrmm-au-feminin-journee-fleurie-chez-les-aines\/\"},\"author\":{\"name\":\"mlbwdev\",\"@id\":\"https:\/\/www.lrmm.com\/fr\/#\/schema\/person\/a494b773bde4003555adf65ea3a908b2\"},\"headline\":\"LRMM au f\u00e9minin &#8211; Journ\u00e9e fleurie chez les a\u00een\u00e9s\",\"datePublished\":\"2022-03-10T02:46:52+00:00\",\"dateModified\":\"2022-03-10T05:21:52+00:00\",\"mainEntityOfPage\":{\"@id\":\"https:\/\/www.lrmm.com\/fr\/actualite-s\/nouvelles\/2015-nouvelles\/lrmm-au-feminin-journee-fleurie-chez-les-aines\/\"},\"wordCount\":269,\"commentCount\":0,\"articleSection\":[\"2015\",\"Actualit\u00e9s\",\"Nouvelles\"],\"inLanguage\":\"fr-CA\",\"potentialAction\":[{\"@type\":\"CommentAction\",\"name\":\"Comment\",\"target\":[\"https:\/\/www.lrmm.com\/fr\/actualite-s\/nouvelles\/2015-nouvelles\/lrmm-au-feminin-journee-fleurie-chez-les-aines\/#respond\"]}]},{\"@type\":\"WebPage\",\"@id\":\"https:\/\/www.lrmm.com\/fr\/actualite-s\/nouvelles\/2015-nouvelles\/lrmm-au-feminin-journee-fleurie-chez-les-aines\/\",\"url\":\"https:\/\/www.lrmm.com\/fr\/actualite-s\/nouvelles\/2015-nouvelles\/lrmm-au-feminin-journee-fleurie-chez-les-aines\/\",\"name\":\"LRMM au f\u00e9minin - Journ\u00e9e fleurie chez les a\u00een\u00e9s - Lapointe Rosenstein Marchand Melan\u00e7on\",\"isPartOf\":{\"@id\":\"https:\/\/www.lrmm.com\/fr\/#website\"},\"datePublished\":\"2022-03-10T02:46:52+00:00\",\"dateModified\":\"2022-03-10T05:21:52+00:00\",\"author\":{\"@id\":\"https:\/\/www.lrmm.com\/fr\/#\/schema\/person\/a494b773bde4003555adf65ea3a908b2\"},\"breadcrumb\":{\"@id\":\"https:\/\/www.lrmm.com\/fr\/actualite-s\/nouvelles\/2015-nouvelles\/lrmm-au-feminin-journee-fleurie-chez-les-aines\/#breadcrumb\"},\"inLanguage\":\"fr-CA\",\"potentialAction\":[{\"@type\":\"ReadAction\",\"target\":[\"https:\/\/www.lrmm.com\/fr\/actualite-s\/nouvelles\/2015-nouvelles\/lrmm-au-feminin-journee-fleurie-chez-les-aines\/\"]}]},{\"@type\":\"BreadcrumbList\",\"@id\":\"https:\/\/www.lrmm.com\/fr\/actualite-s\/nouvelles\/2015-nouvelles\/lrmm-au-feminin-journee-fleurie-chez-les-aines\/#breadcrumb\",\"itemListElement\":[{\"@type\":\"ListItem\",\"position\":1,\"name\":\"Accueil\",\"item\":\"https:\/\/www.lrmm.com\/fr\/\"},{\"@type\":\"ListItem\",\"position\":2,\"name\":\"LRMM au f\u00e9minin &#8211; Journ\u00e9e fleurie chez les a\u00een\u00e9s\"}]},{\"@type\":\"WebSite\",\"@id\":\"https:\/\/www.lrmm.com\/fr\/#website\",\"url\":\"https:\/\/www.lrmm.com\/fr\/\",\"name\":\"Lapointe Rosenstein Marchand Melan\u00e7on\",\"description\":\"\",\"potentialAction\":[{\"@type\":\"SearchAction\",\"target\":{\"@type\":\"EntryPoint\",\"urlTemplate\":\"https:\/\/www.lrmm.com\/fr\/?s={search_term_string}\"},\"query-input\":{\"@type\":\"PropertyValueSpecification\",\"valueRequired\":true,\"valueName\":\"search_term_string\"}}],\"inLanguage\":\"fr-CA\"},{\"@type\":\"Person\",\"@id\":\"https:\/\/www.lrmm.com\/fr\/#\/schema\/person\/a494b773bde4003555adf65ea3a908b2\",\"name\":\"mlbwdev\",\"image\":{\"@type\":\"ImageObject\",\"inLanguage\":\"fr-CA\",\"@id\":\"https:\/\/www.lrmm.com\/fr\/#\/schema\/person\/image\/\",\"url\":\"https:\/\/secure.gravatar.com\/avatar\/8ac5052f5b8214925aa49a0e82e9cfb1105700e37a07755ea489abcaad17c9d9?s=96&d=mm&r=g\",\"contentUrl\":\"https:\/\/secure.gravatar.com\/avatar\/8ac5052f5b8214925aa49a0e82e9cfb1105700e37a07755ea489abcaad17c9d9?s=96&d=mm&r=g\",\"caption\":\"mlbwdev\"}}]}<\/script>\n<!-- \/ Yoast SEO plugin. -->","yoast_head_json":{"title":"LRMM au f\u00e9minin - Journ\u00e9e fleurie chez les a\u00een\u00e9s - Lapointe Rosenstein Marchand Melan\u00e7on","robots":{"index":"index","follow":"follow","max-snippet":"max-snippet:-1","max-image-preview":"max-image-preview:large","max-video-preview":"max-video-preview:-1"},"canonical":"https:\/\/www.lrmm.com\/fr\/actualite-s\/nouvelles\/2015-nouvelles\/lrmm-au-feminin-journee-fleurie-chez-les-aines\/","og_locale":"fr_CA","og_type":"article","og_title":"LRMM au f\u00e9minin - Journ\u00e9e fleurie chez les a\u00een\u00e9s - Lapointe Rosenstein Marchand Melan\u00e7on","og_description":"\u00a0 JOURN\u00c9E FLEURIE CHEZ LES A\u00ceN\u00c9S Le 11 mai prochain, une trentaine de femmes du cabinet (avocates, notaires, parajuristes et cadres) se rendront \u00e0 la R\u00e9sidence Piero-Corti, r\u00e9sidence pour personnes \u00e2g\u00e9es, afin d\u2019enjoliver le quotidien des a\u00een\u00e9s par la distribution de bouquets de fleurs. Tabliers, ciseaux et gants \u00e0 la main, les membres de l\u2019\u00e9quipe [&hellip;]","og_url":"https:\/\/www.lrmm.com\/fr\/actualite-s\/nouvelles\/2015-nouvelles\/lrmm-au-feminin-journee-fleurie-chez-les-aines\/","og_site_name":"Lapointe Rosenstein Marchand Melan\u00e7on","article_published_time":"2022-03-10T02:46:52+00:00","article_modified_time":"2022-03-10T05:21:52+00:00","author":"mlbwdev","twitter_card":"summary_large_image","twitter_misc":{"\u00c9crit par":"mlbwdev","Estimation du temps de lecture":"1 minute"},"schema":{"@context":"https:\/\/schema.org","@graph":[{"@type":"Article","@id":"https:\/\/www.lrmm.com\/fr\/actualite-s\/nouvelles\/2015-nouvelles\/lrmm-au-feminin-journee-fleurie-chez-les-aines\/#article","isPartOf":{"@id":"https:\/\/www.lrmm.com\/fr\/actualite-s\/nouvelles\/2015-nouvelles\/lrmm-au-feminin-journee-fleurie-chez-les-aines\/"},"author":{"name":"mlbwdev","@id":"https:\/\/www.lrmm.com\/fr\/#\/schema\/person\/a494b773bde4003555adf65ea3a908b2"},"headline":"LRMM au f\u00e9minin &#8211; Journ\u00e9e fleurie chez les a\u00een\u00e9s","datePublished":"2022-03-10T02:46:52+00:00","dateModified":"2022-03-10T05:21:52+00:00","mainEntityOfPage":{"@id":"https:\/\/www.lrmm.com\/fr\/actualite-s\/nouvelles\/2015-nouvelles\/lrmm-au-feminin-journee-fleurie-chez-les-aines\/"},"wordCount":269,"commentCount":0,"articleSection":["2015","Actualit\u00e9s","Nouvelles"],"inLanguage":"fr-CA","potentialAction":[{"@type":"CommentAction","name":"Comment","target":["https:\/\/www.lrmm.com\/fr\/actualite-s\/nouvelles\/2015-nouvelles\/lrmm-au-feminin-journee-fleurie-chez-les-aines\/#respond"]}]},{"@type":"WebPage","@id":"https:\/\/www.lrmm.com\/fr\/actualite-s\/nouvelles\/2015-nouvelles\/lrmm-au-feminin-journee-fleurie-chez-les-aines\/","url":"https:\/\/www.lrmm.com\/fr\/actualite-s\/nouvelles\/2015-nouvelles\/lrmm-au-feminin-journee-fleurie-chez-les-aines\/","name":"LRMM au f\u00e9minin - Journ\u00e9e fleurie chez les a\u00een\u00e9s - Lapointe Rosenstein Marchand Melan\u00e7on","isPartOf":{"@id":"https:\/\/www.lrmm.com\/fr\/#website"},"datePublished":"2022-03-10T02:46:52+00:00","dateModified":"2022-03-10T05:21:52+00:00","author":{"@id":"https:\/\/www.lrmm.com\/fr\/#\/schema\/person\/a494b773bde4003555adf65ea3a908b2"},"breadcrumb":{"@id":"https:\/\/www.lrmm.com\/fr\/actualite-s\/nouvelles\/2015-nouvelles\/lrmm-au-feminin-journee-fleurie-chez-les-aines\/#breadcrumb"},"inLanguage":"fr-CA","potentialAction":[{"@type":"ReadAction","target":["https:\/\/www.lrmm.com\/fr\/actualite-s\/nouvelles\/2015-nouvelles\/lrmm-au-feminin-journee-fleurie-chez-les-aines\/"]}]},{"@type":"BreadcrumbList","@id":"https:\/\/www.lrmm.com\/fr\/actualite-s\/nouvelles\/2015-nouvelles\/lrmm-au-feminin-journee-fleurie-chez-les-aines\/#breadcrumb","itemListElement":[{"@type":"ListItem","position":1,"name":"Accueil","item":"https:\/\/www.lrmm.com\/fr\/"},{"@type":"ListItem","position":2,"name":"LRMM au f\u00e9minin &#8211; Journ\u00e9e fleurie chez les a\u00een\u00e9s"}]},{"@type":"WebSite","@id":"https:\/\/www.lrmm.com\/fr\/#website","url":"https:\/\/www.lrmm.com\/fr\/","name":"Lapointe Rosenstein Marchand Melan\u00e7on","description":"","potentialAction":[{"@type":"SearchAction","target":{"@type":"EntryPoint","urlTemplate":"https:\/\/www.lrmm.com\/fr\/?s={search_term_string}"},"query-input":{"@type":"PropertyValueSpecification","valueRequired":true,"valueName":"search_term_string"}}],"inLanguage":"fr-CA"},{"@type":"Person","@id":"https:\/\/www.lrmm.com\/fr\/#\/schema\/person\/a494b773bde4003555adf65ea3a908b2","name":"mlbwdev","image":{"@type":"ImageObject","inLanguage":"fr-CA","@id":"https:\/\/www.lrmm.com\/fr\/#\/schema\/person\/image\/","url":"https:\/\/secure.gravatar.com\/avatar\/8ac5052f5b8214925aa49a0e82e9cfb1105700e37a07755ea489abcaad17c9d9?s=96&d=mm&r=g","contentUrl":"https:\/\/secure.gravatar.com\/avatar\/8ac5052f5b8214925aa49a0e82e9cfb1105700e37a07755ea489abcaad17c9d9?s=96&d=mm&r=g","caption":"mlbwdev"}}]}},"_links":{"self":[{"href":"https:\/\/www.lrmm.com\/fr\/wp-json\/wp\/v2\/posts\/975","targetHints":{"allow":["GET"]}}],"collection":[{"href":"https:\/\/www.lrmm.com\/fr\/wp-json\/wp\/v2\/posts"}],"about":[{"href":"https:\/\/www.lrmm.com\/fr\/wp-json\/wp\/v2\/types\/post"}],"author":[{"embeddable":true,"href":"https:\/\/www.lrmm.com\/fr\/wp-json\/wp\/v2\/users\/1"}],"replies":[{"embeddable":true,"href":"https:\/\/www.lrmm.com\/fr\/wp-json\/wp\/v2\/comments?post=975"}],"version-history":[{"count":0,"href":"https:\/\/www.lrmm.com\/fr\/wp-json\/wp\/v2\/posts\/975\/revisions"}],"wp:attachment":[{"href":"https:\/\/www.lrmm.com\/fr\/wp-json\/wp\/v2\/media?parent=975"}],"wp:term":[{"taxonomy":"category","embeddable":true,"href":"https:\/\/www.lrmm.com\/fr\/wp-json\/wp\/v2\/categories?post=975"},{"taxonomy":"post_tag","embeddable":true,"href":"https:\/\/www.lrmm.com\/fr\/wp-json\/wp\/v2\/tags?post=975"}],"curies":[{"name":"wp","href":"https:\/\/api.w.org\/{rel}","templated":true}]}}