{"id":972,"date":"2015-04-20T00:00:00","date_gmt":"2022-03-10T02:46:52","guid":{"rendered":"https:\/\/www.lrmm.com\/the-international-whos-who-of-trademark-lawyers-2015\/"},"modified":"2022-03-10T00:21:53","modified_gmt":"2022-03-10T05:21:53","slug":"the-international-whos-who-of-trademark-lawyers-2015","status":"publish","type":"post","link":"https:\/\/www.lrmm.com\/fr\/actualite-s\/nouvelles\/2015-nouvelles\/the-international-whos-who-of-trademark-lawyers-2015\/","title":{"rendered":"The International Who\u2019s Who of Trademark Lawyers 2015"},"content":{"rendered":"<p> Ian MacPhee a \u00e9t\u00e9 reconnu par <em>The International Who\u2019s Who of Trademark Lawyers 2015<\/em>\u00a0comme \u00e9tant l\u2019un des meilleurs avocats dans le domaine des marques de commerce.<\/p>\n<p>La liste des avocats reconnus est \u00e9tablie suite \u00e0 une consultation aupr\u00e8s des pairs et des clients.<\/p>\n","protected":false},"excerpt":{"rendered":"<p>Ian MacPhee a \u00e9t\u00e9 reconnu par The International Who\u2019s Who of Trademark Lawyers 2015\u00a0comme \u00e9tant l\u2019un des meilleurs avocats dans le domaine des marques de commerce. La liste des avocats reconnus est \u00e9tablie suite \u00e0 une consultation aupr\u00e8s des pairs et des clients.<\/p>\n","protected":false},"author":1,"featured_media":0,"comment_status":"open","ping_status":"open","sticky":false,"template":"","format":"standard","meta":{"_acf_changed":false,"footnotes":""},"categories":[50,27,44],"tags":[],"class_list":["post-972","post","type-post","status-publish","format-standard","hentry","category-2015-nouvelles","category-actualite-s","category-nouvelles"],"acf":[],"yoast_head":"<!-- This site is optimized with the Yoast SEO plugin v26.9 - https:\/\/yoast.com\/product\/yoast-seo-wordpress\/ -->\n<title>The International Who\u2019s Who of Trademark Lawyers 2015 - Lapointe Rosenstein Marchand Melan\u00e7on<\/title>\n<meta name=\"robots\" content=\"index, follow, max-snippet:-1, max-image-preview:large, max-video-preview:-1\" \/>\n<link rel=\"canonical\" href=\"https:\/\/www.lrmm.com\/fr\/actualite-s\/nouvelles\/2015-nouvelles\/the-international-whos-who-of-trademark-lawyers-2015\/\" \/>\n<meta property=\"og:locale\" content=\"fr_CA\" \/>\n<meta property=\"og:type\" content=\"article\" \/>\n<meta property=\"og:title\" content=\"The International Who\u2019s Who of Trademark Lawyers 2015 - Lapointe Rosenstein Marchand Melan\u00e7on\" \/>\n<meta property=\"og:description\" content=\"Ian MacPhee a \u00e9t\u00e9 reconnu par The International Who\u2019s Who of Trademark Lawyers 2015\u00a0comme \u00e9tant l\u2019un des meilleurs avocats dans le domaine des marques de commerce. La liste des avocats reconnus est \u00e9tablie suite \u00e0 une consultation aupr\u00e8s des pairs et des clients.\" \/>\n<meta property=\"og:url\" content=\"https:\/\/www.lrmm.com\/fr\/actualite-s\/nouvelles\/2015-nouvelles\/the-international-whos-who-of-trademark-lawyers-2015\/\" \/>\n<meta property=\"og:site_name\" content=\"Lapointe Rosenstein Marchand Melan\u00e7on\" \/>\n<meta property=\"article:published_time\" content=\"2022-03-10T02:46:52+00:00\" \/>\n<meta property=\"article:modified_time\" content=\"2022-03-10T05:21:53+00:00\" \/>\n<meta name=\"author\" content=\"mlbwdev\" \/>\n<meta name=\"twitter:card\" content=\"summary_large_image\" \/>\n<meta name=\"twitter:label1\" content=\"\u00c9crit par\" \/>\n\t<meta name=\"twitter:data1\" content=\"mlbwdev\" \/>\n<script type=\"application\/ld+json\" class=\"yoast-schema-graph\">{\"@context\":\"https:\/\/schema.org\",\"@graph\":[{\"@type\":\"Article\",\"@id\":\"https:\/\/www.lrmm.com\/fr\/actualite-s\/nouvelles\/2015-nouvelles\/the-international-whos-who-of-trademark-lawyers-2015\/#article\",\"isPartOf\":{\"@id\":\"https:\/\/www.lrmm.com\/fr\/actualite-s\/nouvelles\/2015-nouvelles\/the-international-whos-who-of-trademark-lawyers-2015\/\"},\"author\":{\"name\":\"mlbwdev\",\"@id\":\"https:\/\/www.lrmm.com\/fr\/#\/schema\/person\/a494b773bde4003555adf65ea3a908b2\"},\"headline\":\"The International Who\u2019s Who of Trademark Lawyers 2015\",\"datePublished\":\"2022-03-10T02:46:52+00:00\",\"dateModified\":\"2022-03-10T05:21:53+00:00\",\"mainEntityOfPage\":{\"@id\":\"https:\/\/www.lrmm.com\/fr\/actualite-s\/nouvelles\/2015-nouvelles\/the-international-whos-who-of-trademark-lawyers-2015\/\"},\"wordCount\":53,\"commentCount\":0,\"articleSection\":[\"2015\",\"Actualit\u00e9s\",\"Nouvelles\"],\"inLanguage\":\"fr-CA\",\"potentialAction\":[{\"@type\":\"CommentAction\",\"name\":\"Comment\",\"target\":[\"https:\/\/www.lrmm.com\/fr\/actualite-s\/nouvelles\/2015-nouvelles\/the-international-whos-who-of-trademark-lawyers-2015\/#respond\"]}]},{\"@type\":\"WebPage\",\"@id\":\"https:\/\/www.lrmm.com\/fr\/actualite-s\/nouvelles\/2015-nouvelles\/the-international-whos-who-of-trademark-lawyers-2015\/\",\"url\":\"https:\/\/www.lrmm.com\/fr\/actualite-s\/nouvelles\/2015-nouvelles\/the-international-whos-who-of-trademark-lawyers-2015\/\",\"name\":\"The International Who\u2019s Who of Trademark Lawyers 2015 - Lapointe Rosenstein Marchand Melan\u00e7on\",\"isPartOf\":{\"@id\":\"https:\/\/www.lrmm.com\/fr\/#website\"},\"datePublished\":\"2022-03-10T02:46:52+00:00\",\"dateModified\":\"2022-03-10T05:21:53+00:00\",\"author\":{\"@id\":\"https:\/\/www.lrmm.com\/fr\/#\/schema\/person\/a494b773bde4003555adf65ea3a908b2\"},\"breadcrumb\":{\"@id\":\"https:\/\/www.lrmm.com\/fr\/actualite-s\/nouvelles\/2015-nouvelles\/the-international-whos-who-of-trademark-lawyers-2015\/#breadcrumb\"},\"inLanguage\":\"fr-CA\",\"potentialAction\":[{\"@type\":\"ReadAction\",\"target\":[\"https:\/\/www.lrmm.com\/fr\/actualite-s\/nouvelles\/2015-nouvelles\/the-international-whos-who-of-trademark-lawyers-2015\/\"]}]},{\"@type\":\"BreadcrumbList\",\"@id\":\"https:\/\/www.lrmm.com\/fr\/actualite-s\/nouvelles\/2015-nouvelles\/the-international-whos-who-of-trademark-lawyers-2015\/#breadcrumb\",\"itemListElement\":[{\"@type\":\"ListItem\",\"position\":1,\"name\":\"Accueil\",\"item\":\"https:\/\/www.lrmm.com\/fr\/\"},{\"@type\":\"ListItem\",\"position\":2,\"name\":\"The International Who\u2019s Who of Trademark Lawyers 2015\"}]},{\"@type\":\"WebSite\",\"@id\":\"https:\/\/www.lrmm.com\/fr\/#website\",\"url\":\"https:\/\/www.lrmm.com\/fr\/\",\"name\":\"Lapointe Rosenstein Marchand Melan\u00e7on\",\"description\":\"\",\"potentialAction\":[{\"@type\":\"SearchAction\",\"target\":{\"@type\":\"EntryPoint\",\"urlTemplate\":\"https:\/\/www.lrmm.com\/fr\/?s={search_term_string}\"},\"query-input\":{\"@type\":\"PropertyValueSpecification\",\"valueRequired\":true,\"valueName\":\"search_term_string\"}}],\"inLanguage\":\"fr-CA\"},{\"@type\":\"Person\",\"@id\":\"https:\/\/www.lrmm.com\/fr\/#\/schema\/person\/a494b773bde4003555adf65ea3a908b2\",\"name\":\"mlbwdev\",\"image\":{\"@type\":\"ImageObject\",\"inLanguage\":\"fr-CA\",\"@id\":\"https:\/\/www.lrmm.com\/fr\/#\/schema\/person\/image\/\",\"url\":\"https:\/\/secure.gravatar.com\/avatar\/8ac5052f5b8214925aa49a0e82e9cfb1105700e37a07755ea489abcaad17c9d9?s=96&d=mm&r=g\",\"contentUrl\":\"https:\/\/secure.gravatar.com\/avatar\/8ac5052f5b8214925aa49a0e82e9cfb1105700e37a07755ea489abcaad17c9d9?s=96&d=mm&r=g\",\"caption\":\"mlbwdev\"}}]}<\/script>\n<!-- \/ Yoast SEO plugin. -->","yoast_head_json":{"title":"The International Who\u2019s Who of Trademark Lawyers 2015 - Lapointe Rosenstein Marchand Melan\u00e7on","robots":{"index":"index","follow":"follow","max-snippet":"max-snippet:-1","max-image-preview":"max-image-preview:large","max-video-preview":"max-video-preview:-1"},"canonical":"https:\/\/www.lrmm.com\/fr\/actualite-s\/nouvelles\/2015-nouvelles\/the-international-whos-who-of-trademark-lawyers-2015\/","og_locale":"fr_CA","og_type":"article","og_title":"The International Who\u2019s Who of Trademark Lawyers 2015 - Lapointe Rosenstein Marchand Melan\u00e7on","og_description":"Ian MacPhee a \u00e9t\u00e9 reconnu par The International Who\u2019s Who of Trademark Lawyers 2015\u00a0comme \u00e9tant l\u2019un des meilleurs avocats dans le domaine des marques de commerce. La liste des avocats reconnus est \u00e9tablie suite \u00e0 une consultation aupr\u00e8s des pairs et des clients.","og_url":"https:\/\/www.lrmm.com\/fr\/actualite-s\/nouvelles\/2015-nouvelles\/the-international-whos-who-of-trademark-lawyers-2015\/","og_site_name":"Lapointe Rosenstein Marchand Melan\u00e7on","article_published_time":"2022-03-10T02:46:52+00:00","article_modified_time":"2022-03-10T05:21:53+00:00","author":"mlbwdev","twitter_card":"summary_large_image","twitter_misc":{"\u00c9crit par":"mlbwdev"},"schema":{"@context":"https:\/\/schema.org","@graph":[{"@type":"Article","@id":"https:\/\/www.lrmm.com\/fr\/actualite-s\/nouvelles\/2015-nouvelles\/the-international-whos-who-of-trademark-lawyers-2015\/#article","isPartOf":{"@id":"https:\/\/www.lrmm.com\/fr\/actualite-s\/nouvelles\/2015-nouvelles\/the-international-whos-who-of-trademark-lawyers-2015\/"},"author":{"name":"mlbwdev","@id":"https:\/\/www.lrmm.com\/fr\/#\/schema\/person\/a494b773bde4003555adf65ea3a908b2"},"headline":"The International Who\u2019s Who of Trademark Lawyers 2015","datePublished":"2022-03-10T02:46:52+00:00","dateModified":"2022-03-10T05:21:53+00:00","mainEntityOfPage":{"@id":"https:\/\/www.lrmm.com\/fr\/actualite-s\/nouvelles\/2015-nouvelles\/the-international-whos-who-of-trademark-lawyers-2015\/"},"wordCount":53,"commentCount":0,"articleSection":["2015","Actualit\u00e9s","Nouvelles"],"inLanguage":"fr-CA","potentialAction":[{"@type":"CommentAction","name":"Comment","target":["https:\/\/www.lrmm.com\/fr\/actualite-s\/nouvelles\/2015-nouvelles\/the-international-whos-who-of-trademark-lawyers-2015\/#respond"]}]},{"@type":"WebPage","@id":"https:\/\/www.lrmm.com\/fr\/actualite-s\/nouvelles\/2015-nouvelles\/the-international-whos-who-of-trademark-lawyers-2015\/","url":"https:\/\/www.lrmm.com\/fr\/actualite-s\/nouvelles\/2015-nouvelles\/the-international-whos-who-of-trademark-lawyers-2015\/","name":"The International Who\u2019s Who of Trademark Lawyers 2015 - Lapointe Rosenstein Marchand Melan\u00e7on","isPartOf":{"@id":"https:\/\/www.lrmm.com\/fr\/#website"},"datePublished":"2022-03-10T02:46:52+00:00","dateModified":"2022-03-10T05:21:53+00:00","author":{"@id":"https:\/\/www.lrmm.com\/fr\/#\/schema\/person\/a494b773bde4003555adf65ea3a908b2"},"breadcrumb":{"@id":"https:\/\/www.lrmm.com\/fr\/actualite-s\/nouvelles\/2015-nouvelles\/the-international-whos-who-of-trademark-lawyers-2015\/#breadcrumb"},"inLanguage":"fr-CA","potentialAction":[{"@type":"ReadAction","target":["https:\/\/www.lrmm.com\/fr\/actualite-s\/nouvelles\/2015-nouvelles\/the-international-whos-who-of-trademark-lawyers-2015\/"]}]},{"@type":"BreadcrumbList","@id":"https:\/\/www.lrmm.com\/fr\/actualite-s\/nouvelles\/2015-nouvelles\/the-international-whos-who-of-trademark-lawyers-2015\/#breadcrumb","itemListElement":[{"@type":"ListItem","position":1,"name":"Accueil","item":"https:\/\/www.lrmm.com\/fr\/"},{"@type":"ListItem","position":2,"name":"The International Who\u2019s Who of Trademark Lawyers 2015"}]},{"@type":"WebSite","@id":"https:\/\/www.lrmm.com\/fr\/#website","url":"https:\/\/www.lrmm.com\/fr\/","name":"Lapointe Rosenstein Marchand Melan\u00e7on","description":"","potentialAction":[{"@type":"SearchAction","target":{"@type":"EntryPoint","urlTemplate":"https:\/\/www.lrmm.com\/fr\/?s={search_term_string}"},"query-input":{"@type":"PropertyValueSpecification","valueRequired":true,"valueName":"search_term_string"}}],"inLanguage":"fr-CA"},{"@type":"Person","@id":"https:\/\/www.lrmm.com\/fr\/#\/schema\/person\/a494b773bde4003555adf65ea3a908b2","name":"mlbwdev","image":{"@type":"ImageObject","inLanguage":"fr-CA","@id":"https:\/\/www.lrmm.com\/fr\/#\/schema\/person\/image\/","url":"https:\/\/secure.gravatar.com\/avatar\/8ac5052f5b8214925aa49a0e82e9cfb1105700e37a07755ea489abcaad17c9d9?s=96&d=mm&r=g","contentUrl":"https:\/\/secure.gravatar.com\/avatar\/8ac5052f5b8214925aa49a0e82e9cfb1105700e37a07755ea489abcaad17c9d9?s=96&d=mm&r=g","caption":"mlbwdev"}}]}},"_links":{"self":[{"href":"https:\/\/www.lrmm.com\/fr\/wp-json\/wp\/v2\/posts\/972","targetHints":{"allow":["GET"]}}],"collection":[{"href":"https:\/\/www.lrmm.com\/fr\/wp-json\/wp\/v2\/posts"}],"about":[{"href":"https:\/\/www.lrmm.com\/fr\/wp-json\/wp\/v2\/types\/post"}],"author":[{"embeddable":true,"href":"https:\/\/www.lrmm.com\/fr\/wp-json\/wp\/v2\/users\/1"}],"replies":[{"embeddable":true,"href":"https:\/\/www.lrmm.com\/fr\/wp-json\/wp\/v2\/comments?post=972"}],"version-history":[{"count":0,"href":"https:\/\/www.lrmm.com\/fr\/wp-json\/wp\/v2\/posts\/972\/revisions"}],"wp:attachment":[{"href":"https:\/\/www.lrmm.com\/fr\/wp-json\/wp\/v2\/media?parent=972"}],"wp:term":[{"taxonomy":"category","embeddable":true,"href":"https:\/\/www.lrmm.com\/fr\/wp-json\/wp\/v2\/categories?post=972"},{"taxonomy":"post_tag","embeddable":true,"href":"https:\/\/www.lrmm.com\/fr\/wp-json\/wp\/v2\/tags?post=972"}],"curies":[{"name":"wp","href":"https:\/\/api.w.org\/{rel}","templated":true}]}}