{"id":961,"date":"2014-10-15T00:00:00","date_gmt":"2022-03-10T02:46:50","guid":{"rendered":"https:\/\/www.lrmm.com\/selena-lu-presidente-du-ycpa\/"},"modified":"2022-03-10T00:21:53","modified_gmt":"2022-03-10T05:21:53","slug":"selena-lu-presidente-du-ycpa","status":"publish","type":"post","link":"https:\/\/www.lrmm.com\/fr\/actualite-s\/nouvelles\/2014-nouvelles\/selena-lu-presidente-du-ycpa\/","title":{"rendered":"Selena Lu &#8211; Pr\u00e9sidente du YCPA"},"content":{"rendered":"<p> <a target=\"_blank\" href=\"\/fr-CA\/e-quipe\/avocats\/avocate-lu-selena\" rel=\"noopener\">Selena Lu<\/a>, jeune avocate du cabinet, vient d\u2019\u00eatre \u00e9lue pr\u00e9sidente du YCPA (l\u2019Association des jeunes professionnels chinois et asiatiques).<\/p>\n<p>Membre du Barreau depuis 2010, Selena a su se d\u00e9marquer et se tailler une place enviable en tant que jeune professionnelle. Elle participe activement \u00e0 plusieurs comit\u00e9s, tant dans le milieu culturel que des affaires, dont :<\/p>\n<ul>\n<li>le Comit\u00e9 L\u00e9gislation de l\u2019Association des femmes en assurances de Montr\u00e9al (AFAM)<\/li>\n<li>le Comit\u00e9 d\u2019honneur du Club des jeunes ambassadeurs de l\u2019OSM<\/li>\n<li>le Conseil d\u2019administration de la Soci\u00e9t\u00e9 du Jardin de Chine de Montr\u00e9al<\/li>\n<li>le Comit\u00e9 LRMM au f\u00e9minin<\/li>\n<\/ul>\n<p>\u00c0 titre de pr\u00e9sidente du YCPA, elle aura comme mission d\u2019assurer le rayonnement des jeunes professionnels et entrepreneurs chinois et asiatiques au sein de la communaut\u00e9 d\u2019affaires, du gouvernement et des m\u00e9dias tant au Qu\u00e9bec qu\u2019\u00e0 l\u2019international.<\/p>\n<p>Fond\u00e9e en 1999, YCPA est un organisme \u00e0 but non lucratif qui vise \u00e0 promouvoir et \u00e0 favoriser le r\u00e9seautage entre les jeunes Chinois et Asiatiques, \u00e0 contribuer \u00e0 l\u2019essor \u00e9conomique et culturel du Qu\u00e9bec et du Canada, et \u00e0 r\u00e9unir et \u00e0 b\u00e2tir la rel\u00e8ve. YCPA joue un r\u00f4le actif sur la sc\u00e8ne \u00e9conomique en faisant la promotion des investissements et du commerce entre le Qu\u00e9bec, le Canada, la Chine et l\u2019Asie. En 2012, YCPA a remport\u00e9 le prix Jeune chambre de l\u2019ann\u00e9e d\u00e9cern\u00e9e par le Regroupement des jeunes chambres de commerce du Qu\u00e9bec. Pour en savoir plus sur les r\u00e9alisations de YCPA, veuillez visiter leur\u00a0 <a target=\"_blank\" href=\"http:\/\/www.ycpa.ca\/www2\/\" rel=\"noopener\">site Internet<\/a>.<\/p>\n","protected":false},"excerpt":{"rendered":"<p>Selena Lu, jeune avocate du cabinet, vient d\u2019\u00eatre \u00e9lue pr\u00e9sidente du YCPA (l\u2019Association des jeunes professionnels chinois et asiatiques). Membre du Barreau depuis 2010, Selena a su se d\u00e9marquer et se tailler une place enviable en tant que jeune professionnelle. Elle participe activement \u00e0 plusieurs comit\u00e9s, tant dans le milieu culturel que des affaires, dont [&hellip;]<\/p>\n","protected":false},"author":1,"featured_media":0,"comment_status":"open","ping_status":"open","sticky":false,"template":"","format":"standard","meta":{"_acf_changed":false,"footnotes":""},"categories":[49,27,44],"tags":[],"class_list":["post-961","post","type-post","status-publish","format-standard","hentry","category-2014-nouvelles","category-actualite-s","category-nouvelles"],"acf":[],"yoast_head":"<!-- This site is optimized with the Yoast SEO plugin v26.9 - https:\/\/yoast.com\/product\/yoast-seo-wordpress\/ -->\n<title>Selena Lu - Pr\u00e9sidente du YCPA - Lapointe Rosenstein Marchand Melan\u00e7on<\/title>\n<meta name=\"robots\" content=\"index, follow, max-snippet:-1, max-image-preview:large, max-video-preview:-1\" \/>\n<link rel=\"canonical\" href=\"https:\/\/www.lrmm.com\/fr\/actualite-s\/nouvelles\/2014-nouvelles\/selena-lu-presidente-du-ycpa\/\" \/>\n<meta property=\"og:locale\" content=\"fr_CA\" \/>\n<meta property=\"og:type\" content=\"article\" \/>\n<meta property=\"og:title\" content=\"Selena Lu - Pr\u00e9sidente du YCPA - Lapointe Rosenstein Marchand Melan\u00e7on\" \/>\n<meta property=\"og:description\" content=\"Selena Lu, jeune avocate du cabinet, vient d\u2019\u00eatre \u00e9lue pr\u00e9sidente du YCPA (l\u2019Association des jeunes professionnels chinois et asiatiques). Membre du Barreau depuis 2010, Selena a su se d\u00e9marquer et se tailler une place enviable en tant que jeune professionnelle. Elle participe activement \u00e0 plusieurs comit\u00e9s, tant dans le milieu culturel que des affaires, dont [&hellip;]\" \/>\n<meta property=\"og:url\" content=\"https:\/\/www.lrmm.com\/fr\/actualite-s\/nouvelles\/2014-nouvelles\/selena-lu-presidente-du-ycpa\/\" \/>\n<meta property=\"og:site_name\" content=\"Lapointe Rosenstein Marchand Melan\u00e7on\" \/>\n<meta property=\"article:published_time\" content=\"2022-03-10T02:46:50+00:00\" \/>\n<meta property=\"article:modified_time\" content=\"2022-03-10T05:21:53+00:00\" \/>\n<meta name=\"author\" content=\"mlbwdev\" \/>\n<meta name=\"twitter:card\" content=\"summary_large_image\" \/>\n<meta name=\"twitter:label1\" content=\"\u00c9crit par\" \/>\n\t<meta name=\"twitter:data1\" content=\"mlbwdev\" \/>\n\t<meta name=\"twitter:label2\" content=\"Estimation du temps de lecture\" \/>\n\t<meta name=\"twitter:data2\" content=\"1 minute\" \/>\n<script type=\"application\/ld+json\" class=\"yoast-schema-graph\">{\"@context\":\"https:\/\/schema.org\",\"@graph\":[{\"@type\":\"Article\",\"@id\":\"https:\/\/www.lrmm.com\/fr\/actualite-s\/nouvelles\/2014-nouvelles\/selena-lu-presidente-du-ycpa\/#article\",\"isPartOf\":{\"@id\":\"https:\/\/www.lrmm.com\/fr\/actualite-s\/nouvelles\/2014-nouvelles\/selena-lu-presidente-du-ycpa\/\"},\"author\":{\"name\":\"mlbwdev\",\"@id\":\"https:\/\/www.lrmm.com\/fr\/#\/schema\/person\/a494b773bde4003555adf65ea3a908b2\"},\"headline\":\"Selena Lu &#8211; Pr\u00e9sidente du YCPA\",\"datePublished\":\"2022-03-10T02:46:50+00:00\",\"dateModified\":\"2022-03-10T05:21:53+00:00\",\"mainEntityOfPage\":{\"@id\":\"https:\/\/www.lrmm.com\/fr\/actualite-s\/nouvelles\/2014-nouvelles\/selena-lu-presidente-du-ycpa\/\"},\"wordCount\":272,\"commentCount\":0,\"articleSection\":[\"2014\",\"Actualit\u00e9s\",\"Nouvelles\"],\"inLanguage\":\"fr-CA\",\"potentialAction\":[{\"@type\":\"CommentAction\",\"name\":\"Comment\",\"target\":[\"https:\/\/www.lrmm.com\/fr\/actualite-s\/nouvelles\/2014-nouvelles\/selena-lu-presidente-du-ycpa\/#respond\"]}]},{\"@type\":\"WebPage\",\"@id\":\"https:\/\/www.lrmm.com\/fr\/actualite-s\/nouvelles\/2014-nouvelles\/selena-lu-presidente-du-ycpa\/\",\"url\":\"https:\/\/www.lrmm.com\/fr\/actualite-s\/nouvelles\/2014-nouvelles\/selena-lu-presidente-du-ycpa\/\",\"name\":\"Selena Lu - Pr\u00e9sidente du YCPA - Lapointe Rosenstein Marchand Melan\u00e7on\",\"isPartOf\":{\"@id\":\"https:\/\/www.lrmm.com\/fr\/#website\"},\"datePublished\":\"2022-03-10T02:46:50+00:00\",\"dateModified\":\"2022-03-10T05:21:53+00:00\",\"author\":{\"@id\":\"https:\/\/www.lrmm.com\/fr\/#\/schema\/person\/a494b773bde4003555adf65ea3a908b2\"},\"breadcrumb\":{\"@id\":\"https:\/\/www.lrmm.com\/fr\/actualite-s\/nouvelles\/2014-nouvelles\/selena-lu-presidente-du-ycpa\/#breadcrumb\"},\"inLanguage\":\"fr-CA\",\"potentialAction\":[{\"@type\":\"ReadAction\",\"target\":[\"https:\/\/www.lrmm.com\/fr\/actualite-s\/nouvelles\/2014-nouvelles\/selena-lu-presidente-du-ycpa\/\"]}]},{\"@type\":\"BreadcrumbList\",\"@id\":\"https:\/\/www.lrmm.com\/fr\/actualite-s\/nouvelles\/2014-nouvelles\/selena-lu-presidente-du-ycpa\/#breadcrumb\",\"itemListElement\":[{\"@type\":\"ListItem\",\"position\":1,\"name\":\"Accueil\",\"item\":\"https:\/\/www.lrmm.com\/fr\/\"},{\"@type\":\"ListItem\",\"position\":2,\"name\":\"Selena Lu &#8211; Pr\u00e9sidente du YCPA\"}]},{\"@type\":\"WebSite\",\"@id\":\"https:\/\/www.lrmm.com\/fr\/#website\",\"url\":\"https:\/\/www.lrmm.com\/fr\/\",\"name\":\"Lapointe Rosenstein Marchand Melan\u00e7on\",\"description\":\"\",\"potentialAction\":[{\"@type\":\"SearchAction\",\"target\":{\"@type\":\"EntryPoint\",\"urlTemplate\":\"https:\/\/www.lrmm.com\/fr\/?s={search_term_string}\"},\"query-input\":{\"@type\":\"PropertyValueSpecification\",\"valueRequired\":true,\"valueName\":\"search_term_string\"}}],\"inLanguage\":\"fr-CA\"},{\"@type\":\"Person\",\"@id\":\"https:\/\/www.lrmm.com\/fr\/#\/schema\/person\/a494b773bde4003555adf65ea3a908b2\",\"name\":\"mlbwdev\",\"image\":{\"@type\":\"ImageObject\",\"inLanguage\":\"fr-CA\",\"@id\":\"https:\/\/www.lrmm.com\/fr\/#\/schema\/person\/image\/\",\"url\":\"https:\/\/secure.gravatar.com\/avatar\/8ac5052f5b8214925aa49a0e82e9cfb1105700e37a07755ea489abcaad17c9d9?s=96&d=mm&r=g\",\"contentUrl\":\"https:\/\/secure.gravatar.com\/avatar\/8ac5052f5b8214925aa49a0e82e9cfb1105700e37a07755ea489abcaad17c9d9?s=96&d=mm&r=g\",\"caption\":\"mlbwdev\"}}]}<\/script>\n<!-- \/ Yoast SEO plugin. -->","yoast_head_json":{"title":"Selena Lu - Pr\u00e9sidente du YCPA - Lapointe Rosenstein Marchand Melan\u00e7on","robots":{"index":"index","follow":"follow","max-snippet":"max-snippet:-1","max-image-preview":"max-image-preview:large","max-video-preview":"max-video-preview:-1"},"canonical":"https:\/\/www.lrmm.com\/fr\/actualite-s\/nouvelles\/2014-nouvelles\/selena-lu-presidente-du-ycpa\/","og_locale":"fr_CA","og_type":"article","og_title":"Selena Lu - Pr\u00e9sidente du YCPA - Lapointe Rosenstein Marchand Melan\u00e7on","og_description":"Selena Lu, jeune avocate du cabinet, vient d\u2019\u00eatre \u00e9lue pr\u00e9sidente du YCPA (l\u2019Association des jeunes professionnels chinois et asiatiques). Membre du Barreau depuis 2010, Selena a su se d\u00e9marquer et se tailler une place enviable en tant que jeune professionnelle. Elle participe activement \u00e0 plusieurs comit\u00e9s, tant dans le milieu culturel que des affaires, dont [&hellip;]","og_url":"https:\/\/www.lrmm.com\/fr\/actualite-s\/nouvelles\/2014-nouvelles\/selena-lu-presidente-du-ycpa\/","og_site_name":"Lapointe Rosenstein Marchand Melan\u00e7on","article_published_time":"2022-03-10T02:46:50+00:00","article_modified_time":"2022-03-10T05:21:53+00:00","author":"mlbwdev","twitter_card":"summary_large_image","twitter_misc":{"\u00c9crit par":"mlbwdev","Estimation du temps de lecture":"1 minute"},"schema":{"@context":"https:\/\/schema.org","@graph":[{"@type":"Article","@id":"https:\/\/www.lrmm.com\/fr\/actualite-s\/nouvelles\/2014-nouvelles\/selena-lu-presidente-du-ycpa\/#article","isPartOf":{"@id":"https:\/\/www.lrmm.com\/fr\/actualite-s\/nouvelles\/2014-nouvelles\/selena-lu-presidente-du-ycpa\/"},"author":{"name":"mlbwdev","@id":"https:\/\/www.lrmm.com\/fr\/#\/schema\/person\/a494b773bde4003555adf65ea3a908b2"},"headline":"Selena Lu &#8211; Pr\u00e9sidente du YCPA","datePublished":"2022-03-10T02:46:50+00:00","dateModified":"2022-03-10T05:21:53+00:00","mainEntityOfPage":{"@id":"https:\/\/www.lrmm.com\/fr\/actualite-s\/nouvelles\/2014-nouvelles\/selena-lu-presidente-du-ycpa\/"},"wordCount":272,"commentCount":0,"articleSection":["2014","Actualit\u00e9s","Nouvelles"],"inLanguage":"fr-CA","potentialAction":[{"@type":"CommentAction","name":"Comment","target":["https:\/\/www.lrmm.com\/fr\/actualite-s\/nouvelles\/2014-nouvelles\/selena-lu-presidente-du-ycpa\/#respond"]}]},{"@type":"WebPage","@id":"https:\/\/www.lrmm.com\/fr\/actualite-s\/nouvelles\/2014-nouvelles\/selena-lu-presidente-du-ycpa\/","url":"https:\/\/www.lrmm.com\/fr\/actualite-s\/nouvelles\/2014-nouvelles\/selena-lu-presidente-du-ycpa\/","name":"Selena Lu - Pr\u00e9sidente du YCPA - Lapointe Rosenstein Marchand Melan\u00e7on","isPartOf":{"@id":"https:\/\/www.lrmm.com\/fr\/#website"},"datePublished":"2022-03-10T02:46:50+00:00","dateModified":"2022-03-10T05:21:53+00:00","author":{"@id":"https:\/\/www.lrmm.com\/fr\/#\/schema\/person\/a494b773bde4003555adf65ea3a908b2"},"breadcrumb":{"@id":"https:\/\/www.lrmm.com\/fr\/actualite-s\/nouvelles\/2014-nouvelles\/selena-lu-presidente-du-ycpa\/#breadcrumb"},"inLanguage":"fr-CA","potentialAction":[{"@type":"ReadAction","target":["https:\/\/www.lrmm.com\/fr\/actualite-s\/nouvelles\/2014-nouvelles\/selena-lu-presidente-du-ycpa\/"]}]},{"@type":"BreadcrumbList","@id":"https:\/\/www.lrmm.com\/fr\/actualite-s\/nouvelles\/2014-nouvelles\/selena-lu-presidente-du-ycpa\/#breadcrumb","itemListElement":[{"@type":"ListItem","position":1,"name":"Accueil","item":"https:\/\/www.lrmm.com\/fr\/"},{"@type":"ListItem","position":2,"name":"Selena Lu &#8211; Pr\u00e9sidente du YCPA"}]},{"@type":"WebSite","@id":"https:\/\/www.lrmm.com\/fr\/#website","url":"https:\/\/www.lrmm.com\/fr\/","name":"Lapointe Rosenstein Marchand Melan\u00e7on","description":"","potentialAction":[{"@type":"SearchAction","target":{"@type":"EntryPoint","urlTemplate":"https:\/\/www.lrmm.com\/fr\/?s={search_term_string}"},"query-input":{"@type":"PropertyValueSpecification","valueRequired":true,"valueName":"search_term_string"}}],"inLanguage":"fr-CA"},{"@type":"Person","@id":"https:\/\/www.lrmm.com\/fr\/#\/schema\/person\/a494b773bde4003555adf65ea3a908b2","name":"mlbwdev","image":{"@type":"ImageObject","inLanguage":"fr-CA","@id":"https:\/\/www.lrmm.com\/fr\/#\/schema\/person\/image\/","url":"https:\/\/secure.gravatar.com\/avatar\/8ac5052f5b8214925aa49a0e82e9cfb1105700e37a07755ea489abcaad17c9d9?s=96&d=mm&r=g","contentUrl":"https:\/\/secure.gravatar.com\/avatar\/8ac5052f5b8214925aa49a0e82e9cfb1105700e37a07755ea489abcaad17c9d9?s=96&d=mm&r=g","caption":"mlbwdev"}}]}},"_links":{"self":[{"href":"https:\/\/www.lrmm.com\/fr\/wp-json\/wp\/v2\/posts\/961","targetHints":{"allow":["GET"]}}],"collection":[{"href":"https:\/\/www.lrmm.com\/fr\/wp-json\/wp\/v2\/posts"}],"about":[{"href":"https:\/\/www.lrmm.com\/fr\/wp-json\/wp\/v2\/types\/post"}],"author":[{"embeddable":true,"href":"https:\/\/www.lrmm.com\/fr\/wp-json\/wp\/v2\/users\/1"}],"replies":[{"embeddable":true,"href":"https:\/\/www.lrmm.com\/fr\/wp-json\/wp\/v2\/comments?post=961"}],"version-history":[{"count":0,"href":"https:\/\/www.lrmm.com\/fr\/wp-json\/wp\/v2\/posts\/961\/revisions"}],"wp:attachment":[{"href":"https:\/\/www.lrmm.com\/fr\/wp-json\/wp\/v2\/media?parent=961"}],"wp:term":[{"taxonomy":"category","embeddable":true,"href":"https:\/\/www.lrmm.com\/fr\/wp-json\/wp\/v2\/categories?post=961"},{"taxonomy":"post_tag","embeddable":true,"href":"https:\/\/www.lrmm.com\/fr\/wp-json\/wp\/v2\/tags?post=961"}],"curies":[{"name":"wp","href":"https:\/\/api.w.org\/{rel}","templated":true}]}}