{"id":940,"date":"2013-10-23T00:00:00","date_gmt":"2022-03-10T02:46:49","guid":{"rendered":"https:\/\/www.lrmm.com\/michel-tourangeau-ordre-des-administrateurs-agrees-du-quebec\/"},"modified":"2022-03-10T00:21:53","modified_gmt":"2022-03-10T05:21:53","slug":"michel-tourangeau-ordre-des-administrateurs-agrees-du-quebec","status":"publish","type":"post","link":"https:\/\/www.lrmm.com\/fr\/actualite-s\/nouvelles\/2013-nouvelles\/michel-tourangeau-ordre-des-administrateurs-agrees-du-quebec\/","title":{"rendered":"Michel Tourangeau &#8211; Ordre des administrateurs agr\u00e9\u00e9s du Qu\u00e9bec"},"content":{"rendered":"<p>\u00a0<\/p>\n<p>Le 10 octobre dernier, <a href=\"\/fr-CA\/%C3%89quipe\/Avocats\/Avocat+Tourangeau+Michel\" target=\"_blank\" rel=\"noopener\">Michel Tourangeau<\/a> a \u00e9t\u00e9 accr\u00e9dit\u00e9 par l\u2019Ordre des administrateurs agr\u00e9\u00e9s du Qu\u00e9bec.\u00a0<\/p>\n<p>Au cours de sa carri\u00e8re, Michel a agi \u00e0 titre d\u2019administrateur pour de nombreuses institutions et organismes et il continue \u00e0 mettre son expertise \u00e0 profit en \u00e9tant membre de conseils d\u2019administration.<\/p>\n<p>Rappelons que l\u2019Ordre constitue un regroupement de gestionnaires de tous les horizons. Ses membres se distinguent dans des domaines vari\u00e9s de la gestion, de l\u2019\u00e9thique et de la gouvernance. Ils oeuvrent dans tous les secteurs de notre \u00e9conomie et contribuent de mani\u00e8re objective et comp\u00e9tente aux progr\u00e8s et au leadership des sciences de l\u2019administration.<\/p>\n<p>Les administrateurs agr\u00e9\u00e9s sont r\u00e9unis pour mettre en commun et partager leurs connaissances et leurs exp\u00e9riences, pour trouver des solutions aux enjeux et probl\u00e9matiques de gestion, pour mettre de l\u2019avant des pistes de r\u00e9flexion, pour faire avancer la profession, pour innover et pour se perfectionner.<\/p>\n<p>\u00a0<\/p>\n","protected":false},"excerpt":{"rendered":"<p>\u00a0 Le 10 octobre dernier, Michel Tourangeau a \u00e9t\u00e9 accr\u00e9dit\u00e9 par l\u2019Ordre des administrateurs agr\u00e9\u00e9s du Qu\u00e9bec.\u00a0 Au cours de sa carri\u00e8re, Michel a agi \u00e0 titre d\u2019administrateur pour de nombreuses institutions et organismes et il continue \u00e0 mettre son expertise \u00e0 profit en \u00e9tant membre de conseils d\u2019administration. Rappelons que l\u2019Ordre constitue un regroupement [&hellip;]<\/p>\n","protected":false},"author":1,"featured_media":0,"comment_status":"open","ping_status":"open","sticky":false,"template":"","format":"standard","meta":{"_acf_changed":false,"footnotes":""},"categories":[48,27,44],"tags":[],"class_list":["post-940","post","type-post","status-publish","format-standard","hentry","category-2013-nouvelles","category-actualite-s","category-nouvelles"],"acf":[],"yoast_head":"<!-- This site is optimized with the Yoast SEO plugin v26.9 - https:\/\/yoast.com\/product\/yoast-seo-wordpress\/ -->\n<title>Michel Tourangeau - Ordre des administrateurs agr\u00e9\u00e9s du Qu\u00e9bec - Lapointe Rosenstein Marchand Melan\u00e7on<\/title>\n<meta name=\"robots\" content=\"index, follow, max-snippet:-1, max-image-preview:large, max-video-preview:-1\" \/>\n<link rel=\"canonical\" href=\"https:\/\/www.lrmm.com\/fr\/actualite-s\/nouvelles\/2013-nouvelles\/michel-tourangeau-ordre-des-administrateurs-agrees-du-quebec\/\" \/>\n<meta property=\"og:locale\" content=\"fr_CA\" \/>\n<meta property=\"og:type\" content=\"article\" \/>\n<meta property=\"og:title\" content=\"Michel Tourangeau - Ordre des administrateurs agr\u00e9\u00e9s du Qu\u00e9bec - Lapointe Rosenstein Marchand Melan\u00e7on\" \/>\n<meta property=\"og:description\" content=\"\u00a0 Le 10 octobre dernier, Michel Tourangeau a \u00e9t\u00e9 accr\u00e9dit\u00e9 par l\u2019Ordre des administrateurs agr\u00e9\u00e9s du Qu\u00e9bec.\u00a0 Au cours de sa carri\u00e8re, Michel a agi \u00e0 titre d\u2019administrateur pour de nombreuses institutions et organismes et il continue \u00e0 mettre son expertise \u00e0 profit en \u00e9tant membre de conseils d\u2019administration. Rappelons que l\u2019Ordre constitue un regroupement [&hellip;]\" \/>\n<meta property=\"og:url\" content=\"https:\/\/www.lrmm.com\/fr\/actualite-s\/nouvelles\/2013-nouvelles\/michel-tourangeau-ordre-des-administrateurs-agrees-du-quebec\/\" \/>\n<meta property=\"og:site_name\" content=\"Lapointe Rosenstein Marchand Melan\u00e7on\" \/>\n<meta property=\"article:published_time\" content=\"2022-03-10T02:46:49+00:00\" \/>\n<meta property=\"article:modified_time\" content=\"2022-03-10T05:21:53+00:00\" \/>\n<meta name=\"author\" content=\"mlbwdev\" \/>\n<meta name=\"twitter:card\" content=\"summary_large_image\" \/>\n<meta name=\"twitter:label1\" content=\"\u00c9crit par\" \/>\n\t<meta name=\"twitter:data1\" content=\"mlbwdev\" \/>\n\t<meta name=\"twitter:label2\" content=\"Estimation du temps de lecture\" \/>\n\t<meta name=\"twitter:data2\" content=\"1 minute\" \/>\n<script type=\"application\/ld+json\" class=\"yoast-schema-graph\">{\"@context\":\"https:\/\/schema.org\",\"@graph\":[{\"@type\":\"Article\",\"@id\":\"https:\/\/www.lrmm.com\/fr\/actualite-s\/nouvelles\/2013-nouvelles\/michel-tourangeau-ordre-des-administrateurs-agrees-du-quebec\/#article\",\"isPartOf\":{\"@id\":\"https:\/\/www.lrmm.com\/fr\/actualite-s\/nouvelles\/2013-nouvelles\/michel-tourangeau-ordre-des-administrateurs-agrees-du-quebec\/\"},\"author\":{\"name\":\"mlbwdev\",\"@id\":\"https:\/\/www.lrmm.com\/fr\/#\/schema\/person\/a494b773bde4003555adf65ea3a908b2\"},\"headline\":\"Michel Tourangeau &#8211; Ordre des administrateurs agr\u00e9\u00e9s du Qu\u00e9bec\",\"datePublished\":\"2022-03-10T02:46:49+00:00\",\"dateModified\":\"2022-03-10T05:21:53+00:00\",\"mainEntityOfPage\":{\"@id\":\"https:\/\/www.lrmm.com\/fr\/actualite-s\/nouvelles\/2013-nouvelles\/michel-tourangeau-ordre-des-administrateurs-agrees-du-quebec\/\"},\"wordCount\":174,\"commentCount\":0,\"articleSection\":[\"2013\",\"Actualit\u00e9s\",\"Nouvelles\"],\"inLanguage\":\"fr-CA\",\"potentialAction\":[{\"@type\":\"CommentAction\",\"name\":\"Comment\",\"target\":[\"https:\/\/www.lrmm.com\/fr\/actualite-s\/nouvelles\/2013-nouvelles\/michel-tourangeau-ordre-des-administrateurs-agrees-du-quebec\/#respond\"]}]},{\"@type\":\"WebPage\",\"@id\":\"https:\/\/www.lrmm.com\/fr\/actualite-s\/nouvelles\/2013-nouvelles\/michel-tourangeau-ordre-des-administrateurs-agrees-du-quebec\/\",\"url\":\"https:\/\/www.lrmm.com\/fr\/actualite-s\/nouvelles\/2013-nouvelles\/michel-tourangeau-ordre-des-administrateurs-agrees-du-quebec\/\",\"name\":\"Michel Tourangeau - Ordre des administrateurs agr\u00e9\u00e9s du Qu\u00e9bec - Lapointe Rosenstein Marchand Melan\u00e7on\",\"isPartOf\":{\"@id\":\"https:\/\/www.lrmm.com\/fr\/#website\"},\"datePublished\":\"2022-03-10T02:46:49+00:00\",\"dateModified\":\"2022-03-10T05:21:53+00:00\",\"author\":{\"@id\":\"https:\/\/www.lrmm.com\/fr\/#\/schema\/person\/a494b773bde4003555adf65ea3a908b2\"},\"breadcrumb\":{\"@id\":\"https:\/\/www.lrmm.com\/fr\/actualite-s\/nouvelles\/2013-nouvelles\/michel-tourangeau-ordre-des-administrateurs-agrees-du-quebec\/#breadcrumb\"},\"inLanguage\":\"fr-CA\",\"potentialAction\":[{\"@type\":\"ReadAction\",\"target\":[\"https:\/\/www.lrmm.com\/fr\/actualite-s\/nouvelles\/2013-nouvelles\/michel-tourangeau-ordre-des-administrateurs-agrees-du-quebec\/\"]}]},{\"@type\":\"BreadcrumbList\",\"@id\":\"https:\/\/www.lrmm.com\/fr\/actualite-s\/nouvelles\/2013-nouvelles\/michel-tourangeau-ordre-des-administrateurs-agrees-du-quebec\/#breadcrumb\",\"itemListElement\":[{\"@type\":\"ListItem\",\"position\":1,\"name\":\"Accueil\",\"item\":\"https:\/\/www.lrmm.com\/fr\/\"},{\"@type\":\"ListItem\",\"position\":2,\"name\":\"Michel Tourangeau &#8211; Ordre des administrateurs agr\u00e9\u00e9s du Qu\u00e9bec\"}]},{\"@type\":\"WebSite\",\"@id\":\"https:\/\/www.lrmm.com\/fr\/#website\",\"url\":\"https:\/\/www.lrmm.com\/fr\/\",\"name\":\"Lapointe Rosenstein Marchand Melan\u00e7on\",\"description\":\"\",\"potentialAction\":[{\"@type\":\"SearchAction\",\"target\":{\"@type\":\"EntryPoint\",\"urlTemplate\":\"https:\/\/www.lrmm.com\/fr\/?s={search_term_string}\"},\"query-input\":{\"@type\":\"PropertyValueSpecification\",\"valueRequired\":true,\"valueName\":\"search_term_string\"}}],\"inLanguage\":\"fr-CA\"},{\"@type\":\"Person\",\"@id\":\"https:\/\/www.lrmm.com\/fr\/#\/schema\/person\/a494b773bde4003555adf65ea3a908b2\",\"name\":\"mlbwdev\",\"image\":{\"@type\":\"ImageObject\",\"inLanguage\":\"fr-CA\",\"@id\":\"https:\/\/www.lrmm.com\/fr\/#\/schema\/person\/image\/\",\"url\":\"https:\/\/secure.gravatar.com\/avatar\/8ac5052f5b8214925aa49a0e82e9cfb1105700e37a07755ea489abcaad17c9d9?s=96&d=mm&r=g\",\"contentUrl\":\"https:\/\/secure.gravatar.com\/avatar\/8ac5052f5b8214925aa49a0e82e9cfb1105700e37a07755ea489abcaad17c9d9?s=96&d=mm&r=g\",\"caption\":\"mlbwdev\"}}]}<\/script>\n<!-- \/ Yoast SEO plugin. -->","yoast_head_json":{"title":"Michel Tourangeau - Ordre des administrateurs agr\u00e9\u00e9s du Qu\u00e9bec - Lapointe Rosenstein Marchand Melan\u00e7on","robots":{"index":"index","follow":"follow","max-snippet":"max-snippet:-1","max-image-preview":"max-image-preview:large","max-video-preview":"max-video-preview:-1"},"canonical":"https:\/\/www.lrmm.com\/fr\/actualite-s\/nouvelles\/2013-nouvelles\/michel-tourangeau-ordre-des-administrateurs-agrees-du-quebec\/","og_locale":"fr_CA","og_type":"article","og_title":"Michel Tourangeau - Ordre des administrateurs agr\u00e9\u00e9s du Qu\u00e9bec - Lapointe Rosenstein Marchand Melan\u00e7on","og_description":"\u00a0 Le 10 octobre dernier, Michel Tourangeau a \u00e9t\u00e9 accr\u00e9dit\u00e9 par l\u2019Ordre des administrateurs agr\u00e9\u00e9s du Qu\u00e9bec.\u00a0 Au cours de sa carri\u00e8re, Michel a agi \u00e0 titre d\u2019administrateur pour de nombreuses institutions et organismes et il continue \u00e0 mettre son expertise \u00e0 profit en \u00e9tant membre de conseils d\u2019administration. Rappelons que l\u2019Ordre constitue un regroupement [&hellip;]","og_url":"https:\/\/www.lrmm.com\/fr\/actualite-s\/nouvelles\/2013-nouvelles\/michel-tourangeau-ordre-des-administrateurs-agrees-du-quebec\/","og_site_name":"Lapointe Rosenstein Marchand Melan\u00e7on","article_published_time":"2022-03-10T02:46:49+00:00","article_modified_time":"2022-03-10T05:21:53+00:00","author":"mlbwdev","twitter_card":"summary_large_image","twitter_misc":{"\u00c9crit par":"mlbwdev","Estimation du temps de lecture":"1 minute"},"schema":{"@context":"https:\/\/schema.org","@graph":[{"@type":"Article","@id":"https:\/\/www.lrmm.com\/fr\/actualite-s\/nouvelles\/2013-nouvelles\/michel-tourangeau-ordre-des-administrateurs-agrees-du-quebec\/#article","isPartOf":{"@id":"https:\/\/www.lrmm.com\/fr\/actualite-s\/nouvelles\/2013-nouvelles\/michel-tourangeau-ordre-des-administrateurs-agrees-du-quebec\/"},"author":{"name":"mlbwdev","@id":"https:\/\/www.lrmm.com\/fr\/#\/schema\/person\/a494b773bde4003555adf65ea3a908b2"},"headline":"Michel Tourangeau &#8211; Ordre des administrateurs agr\u00e9\u00e9s du Qu\u00e9bec","datePublished":"2022-03-10T02:46:49+00:00","dateModified":"2022-03-10T05:21:53+00:00","mainEntityOfPage":{"@id":"https:\/\/www.lrmm.com\/fr\/actualite-s\/nouvelles\/2013-nouvelles\/michel-tourangeau-ordre-des-administrateurs-agrees-du-quebec\/"},"wordCount":174,"commentCount":0,"articleSection":["2013","Actualit\u00e9s","Nouvelles"],"inLanguage":"fr-CA","potentialAction":[{"@type":"CommentAction","name":"Comment","target":["https:\/\/www.lrmm.com\/fr\/actualite-s\/nouvelles\/2013-nouvelles\/michel-tourangeau-ordre-des-administrateurs-agrees-du-quebec\/#respond"]}]},{"@type":"WebPage","@id":"https:\/\/www.lrmm.com\/fr\/actualite-s\/nouvelles\/2013-nouvelles\/michel-tourangeau-ordre-des-administrateurs-agrees-du-quebec\/","url":"https:\/\/www.lrmm.com\/fr\/actualite-s\/nouvelles\/2013-nouvelles\/michel-tourangeau-ordre-des-administrateurs-agrees-du-quebec\/","name":"Michel Tourangeau - Ordre des administrateurs agr\u00e9\u00e9s du Qu\u00e9bec - Lapointe Rosenstein Marchand Melan\u00e7on","isPartOf":{"@id":"https:\/\/www.lrmm.com\/fr\/#website"},"datePublished":"2022-03-10T02:46:49+00:00","dateModified":"2022-03-10T05:21:53+00:00","author":{"@id":"https:\/\/www.lrmm.com\/fr\/#\/schema\/person\/a494b773bde4003555adf65ea3a908b2"},"breadcrumb":{"@id":"https:\/\/www.lrmm.com\/fr\/actualite-s\/nouvelles\/2013-nouvelles\/michel-tourangeau-ordre-des-administrateurs-agrees-du-quebec\/#breadcrumb"},"inLanguage":"fr-CA","potentialAction":[{"@type":"ReadAction","target":["https:\/\/www.lrmm.com\/fr\/actualite-s\/nouvelles\/2013-nouvelles\/michel-tourangeau-ordre-des-administrateurs-agrees-du-quebec\/"]}]},{"@type":"BreadcrumbList","@id":"https:\/\/www.lrmm.com\/fr\/actualite-s\/nouvelles\/2013-nouvelles\/michel-tourangeau-ordre-des-administrateurs-agrees-du-quebec\/#breadcrumb","itemListElement":[{"@type":"ListItem","position":1,"name":"Accueil","item":"https:\/\/www.lrmm.com\/fr\/"},{"@type":"ListItem","position":2,"name":"Michel Tourangeau &#8211; Ordre des administrateurs agr\u00e9\u00e9s du Qu\u00e9bec"}]},{"@type":"WebSite","@id":"https:\/\/www.lrmm.com\/fr\/#website","url":"https:\/\/www.lrmm.com\/fr\/","name":"Lapointe Rosenstein Marchand Melan\u00e7on","description":"","potentialAction":[{"@type":"SearchAction","target":{"@type":"EntryPoint","urlTemplate":"https:\/\/www.lrmm.com\/fr\/?s={search_term_string}"},"query-input":{"@type":"PropertyValueSpecification","valueRequired":true,"valueName":"search_term_string"}}],"inLanguage":"fr-CA"},{"@type":"Person","@id":"https:\/\/www.lrmm.com\/fr\/#\/schema\/person\/a494b773bde4003555adf65ea3a908b2","name":"mlbwdev","image":{"@type":"ImageObject","inLanguage":"fr-CA","@id":"https:\/\/www.lrmm.com\/fr\/#\/schema\/person\/image\/","url":"https:\/\/secure.gravatar.com\/avatar\/8ac5052f5b8214925aa49a0e82e9cfb1105700e37a07755ea489abcaad17c9d9?s=96&d=mm&r=g","contentUrl":"https:\/\/secure.gravatar.com\/avatar\/8ac5052f5b8214925aa49a0e82e9cfb1105700e37a07755ea489abcaad17c9d9?s=96&d=mm&r=g","caption":"mlbwdev"}}]}},"_links":{"self":[{"href":"https:\/\/www.lrmm.com\/fr\/wp-json\/wp\/v2\/posts\/940","targetHints":{"allow":["GET"]}}],"collection":[{"href":"https:\/\/www.lrmm.com\/fr\/wp-json\/wp\/v2\/posts"}],"about":[{"href":"https:\/\/www.lrmm.com\/fr\/wp-json\/wp\/v2\/types\/post"}],"author":[{"embeddable":true,"href":"https:\/\/www.lrmm.com\/fr\/wp-json\/wp\/v2\/users\/1"}],"replies":[{"embeddable":true,"href":"https:\/\/www.lrmm.com\/fr\/wp-json\/wp\/v2\/comments?post=940"}],"version-history":[{"count":0,"href":"https:\/\/www.lrmm.com\/fr\/wp-json\/wp\/v2\/posts\/940\/revisions"}],"wp:attachment":[{"href":"https:\/\/www.lrmm.com\/fr\/wp-json\/wp\/v2\/media?parent=940"}],"wp:term":[{"taxonomy":"category","embeddable":true,"href":"https:\/\/www.lrmm.com\/fr\/wp-json\/wp\/v2\/categories?post=940"},{"taxonomy":"post_tag","embeddable":true,"href":"https:\/\/www.lrmm.com\/fr\/wp-json\/wp\/v2\/tags?post=940"}],"curies":[{"name":"wp","href":"https:\/\/api.w.org\/{rel}","templated":true}]}}