{"id":937,"date":"2013-04-18T00:00:00","date_gmt":"2022-03-10T02:46:49","guid":{"rendered":"https:\/\/www.lrmm.com\/conference-annuelle-international-trade-mark-association\/"},"modified":"2022-03-10T00:21:53","modified_gmt":"2022-03-10T05:21:53","slug":"conference-annuelle-international-trade-mark-association","status":"publish","type":"post","link":"https:\/\/www.lrmm.com\/fr\/actualite-s\/nouvelles\/2013-nouvelles\/conference-annuelle-international-trade-mark-association\/","title":{"rendered":"Conf\u00e9rence annuelle International Trade Mark Association"},"content":{"rendered":"<p> Iris G\u00fcnther pr\u00e9sidera un d\u00e9bat de sp\u00e9cialistes \u00e0 la conf\u00e9rence annuelle de l\u2019International Trade Mark Association qui aura lieu \u00e0 Dallas (Texas) du 4 au 8 mai inclusivement.<\/p>\n<p>Le groupe discutera de l\u2019impact de la responsabilit\u00e9 sociale des entreprises sur les marques de commerce et les marques. Il y aura parmi les sp\u00e9cialistes pr\u00e9sents des avocats de Virgin Entreprises Limited (Royaume-Uni), de Kering (France), propri\u00e9taire de marques comme Gucci, Puma, Stella McCartney, et de Natura Cosmetics (Br\u00e9sil).<\/p>\n<p>Iris a \u00e9t\u00e9 interview\u00e9e sur le sujet par Managing IP, publication de pointe sur la propri\u00e9t\u00e9 intellectuelle. L\u2019entrevue figurera dans leur publication, qui sera remise aux participants de la conf\u00e9rence.<\/p>\n<p>\u00a0<\/p>\n","protected":false},"excerpt":{"rendered":"<p>Iris G\u00fcnther pr\u00e9sidera un d\u00e9bat de sp\u00e9cialistes \u00e0 la conf\u00e9rence annuelle de l\u2019International Trade Mark Association qui aura lieu \u00e0 Dallas (Texas) du 4 au 8 mai inclusivement. Le groupe discutera de l\u2019impact de la responsabilit\u00e9 sociale des entreprises sur les marques de commerce et les marques. Il y aura parmi les sp\u00e9cialistes pr\u00e9sents des [&hellip;]<\/p>\n","protected":false},"author":1,"featured_media":0,"comment_status":"open","ping_status":"open","sticky":false,"template":"","format":"standard","meta":{"_acf_changed":false,"footnotes":""},"categories":[48,27,44],"tags":[],"class_list":["post-937","post","type-post","status-publish","format-standard","hentry","category-2013-nouvelles","category-actualite-s","category-nouvelles"],"acf":[],"yoast_head":"<!-- This site is optimized with the Yoast SEO plugin v26.9 - https:\/\/yoast.com\/product\/yoast-seo-wordpress\/ -->\n<title>Conf\u00e9rence annuelle International Trade Mark Association - Lapointe Rosenstein Marchand Melan\u00e7on<\/title>\n<meta name=\"robots\" content=\"index, follow, max-snippet:-1, max-image-preview:large, max-video-preview:-1\" \/>\n<link rel=\"canonical\" href=\"https:\/\/www.lrmm.com\/fr\/actualite-s\/nouvelles\/2013-nouvelles\/conference-annuelle-international-trade-mark-association\/\" \/>\n<meta property=\"og:locale\" content=\"fr_CA\" \/>\n<meta property=\"og:type\" content=\"article\" \/>\n<meta property=\"og:title\" content=\"Conf\u00e9rence annuelle International Trade Mark Association - Lapointe Rosenstein Marchand Melan\u00e7on\" \/>\n<meta property=\"og:description\" content=\"Iris G\u00fcnther pr\u00e9sidera un d\u00e9bat de sp\u00e9cialistes \u00e0 la conf\u00e9rence annuelle de l\u2019International Trade Mark Association qui aura lieu \u00e0 Dallas (Texas) du 4 au 8 mai inclusivement. Le groupe discutera de l\u2019impact de la responsabilit\u00e9 sociale des entreprises sur les marques de commerce et les marques. Il y aura parmi les sp\u00e9cialistes pr\u00e9sents des [&hellip;]\" \/>\n<meta property=\"og:url\" content=\"https:\/\/www.lrmm.com\/fr\/actualite-s\/nouvelles\/2013-nouvelles\/conference-annuelle-international-trade-mark-association\/\" \/>\n<meta property=\"og:site_name\" content=\"Lapointe Rosenstein Marchand Melan\u00e7on\" \/>\n<meta property=\"article:published_time\" content=\"2022-03-10T02:46:49+00:00\" \/>\n<meta property=\"article:modified_time\" content=\"2022-03-10T05:21:53+00:00\" \/>\n<meta name=\"author\" content=\"mlbwdev\" \/>\n<meta name=\"twitter:card\" content=\"summary_large_image\" \/>\n<meta name=\"twitter:label1\" content=\"\u00c9crit par\" \/>\n\t<meta name=\"twitter:data1\" content=\"mlbwdev\" \/>\n\t<meta name=\"twitter:label2\" content=\"Estimation du temps de lecture\" \/>\n\t<meta name=\"twitter:data2\" content=\"1 minute\" \/>\n<script type=\"application\/ld+json\" class=\"yoast-schema-graph\">{\"@context\":\"https:\/\/schema.org\",\"@graph\":[{\"@type\":\"Article\",\"@id\":\"https:\/\/www.lrmm.com\/fr\/actualite-s\/nouvelles\/2013-nouvelles\/conference-annuelle-international-trade-mark-association\/#article\",\"isPartOf\":{\"@id\":\"https:\/\/www.lrmm.com\/fr\/actualite-s\/nouvelles\/2013-nouvelles\/conference-annuelle-international-trade-mark-association\/\"},\"author\":{\"name\":\"mlbwdev\",\"@id\":\"https:\/\/www.lrmm.com\/fr\/#\/schema\/person\/a494b773bde4003555adf65ea3a908b2\"},\"headline\":\"Conf\u00e9rence annuelle International Trade Mark Association\",\"datePublished\":\"2022-03-10T02:46:49+00:00\",\"dateModified\":\"2022-03-10T05:21:53+00:00\",\"mainEntityOfPage\":{\"@id\":\"https:\/\/www.lrmm.com\/fr\/actualite-s\/nouvelles\/2013-nouvelles\/conference-annuelle-international-trade-mark-association\/\"},\"wordCount\":125,\"commentCount\":0,\"articleSection\":[\"2013\",\"Actualit\u00e9s\",\"Nouvelles\"],\"inLanguage\":\"fr-CA\",\"potentialAction\":[{\"@type\":\"CommentAction\",\"name\":\"Comment\",\"target\":[\"https:\/\/www.lrmm.com\/fr\/actualite-s\/nouvelles\/2013-nouvelles\/conference-annuelle-international-trade-mark-association\/#respond\"]}]},{\"@type\":\"WebPage\",\"@id\":\"https:\/\/www.lrmm.com\/fr\/actualite-s\/nouvelles\/2013-nouvelles\/conference-annuelle-international-trade-mark-association\/\",\"url\":\"https:\/\/www.lrmm.com\/fr\/actualite-s\/nouvelles\/2013-nouvelles\/conference-annuelle-international-trade-mark-association\/\",\"name\":\"Conf\u00e9rence annuelle International Trade Mark Association - Lapointe Rosenstein Marchand Melan\u00e7on\",\"isPartOf\":{\"@id\":\"https:\/\/www.lrmm.com\/fr\/#website\"},\"datePublished\":\"2022-03-10T02:46:49+00:00\",\"dateModified\":\"2022-03-10T05:21:53+00:00\",\"author\":{\"@id\":\"https:\/\/www.lrmm.com\/fr\/#\/schema\/person\/a494b773bde4003555adf65ea3a908b2\"},\"breadcrumb\":{\"@id\":\"https:\/\/www.lrmm.com\/fr\/actualite-s\/nouvelles\/2013-nouvelles\/conference-annuelle-international-trade-mark-association\/#breadcrumb\"},\"inLanguage\":\"fr-CA\",\"potentialAction\":[{\"@type\":\"ReadAction\",\"target\":[\"https:\/\/www.lrmm.com\/fr\/actualite-s\/nouvelles\/2013-nouvelles\/conference-annuelle-international-trade-mark-association\/\"]}]},{\"@type\":\"BreadcrumbList\",\"@id\":\"https:\/\/www.lrmm.com\/fr\/actualite-s\/nouvelles\/2013-nouvelles\/conference-annuelle-international-trade-mark-association\/#breadcrumb\",\"itemListElement\":[{\"@type\":\"ListItem\",\"position\":1,\"name\":\"Accueil\",\"item\":\"https:\/\/www.lrmm.com\/fr\/\"},{\"@type\":\"ListItem\",\"position\":2,\"name\":\"Conf\u00e9rence annuelle International Trade Mark Association\"}]},{\"@type\":\"WebSite\",\"@id\":\"https:\/\/www.lrmm.com\/fr\/#website\",\"url\":\"https:\/\/www.lrmm.com\/fr\/\",\"name\":\"Lapointe Rosenstein Marchand Melan\u00e7on\",\"description\":\"\",\"potentialAction\":[{\"@type\":\"SearchAction\",\"target\":{\"@type\":\"EntryPoint\",\"urlTemplate\":\"https:\/\/www.lrmm.com\/fr\/?s={search_term_string}\"},\"query-input\":{\"@type\":\"PropertyValueSpecification\",\"valueRequired\":true,\"valueName\":\"search_term_string\"}}],\"inLanguage\":\"fr-CA\"},{\"@type\":\"Person\",\"@id\":\"https:\/\/www.lrmm.com\/fr\/#\/schema\/person\/a494b773bde4003555adf65ea3a908b2\",\"name\":\"mlbwdev\",\"image\":{\"@type\":\"ImageObject\",\"inLanguage\":\"fr-CA\",\"@id\":\"https:\/\/www.lrmm.com\/fr\/#\/schema\/person\/image\/\",\"url\":\"https:\/\/secure.gravatar.com\/avatar\/8ac5052f5b8214925aa49a0e82e9cfb1105700e37a07755ea489abcaad17c9d9?s=96&d=mm&r=g\",\"contentUrl\":\"https:\/\/secure.gravatar.com\/avatar\/8ac5052f5b8214925aa49a0e82e9cfb1105700e37a07755ea489abcaad17c9d9?s=96&d=mm&r=g\",\"caption\":\"mlbwdev\"}}]}<\/script>\n<!-- \/ Yoast SEO plugin. -->","yoast_head_json":{"title":"Conf\u00e9rence annuelle International Trade Mark Association - Lapointe Rosenstein Marchand Melan\u00e7on","robots":{"index":"index","follow":"follow","max-snippet":"max-snippet:-1","max-image-preview":"max-image-preview:large","max-video-preview":"max-video-preview:-1"},"canonical":"https:\/\/www.lrmm.com\/fr\/actualite-s\/nouvelles\/2013-nouvelles\/conference-annuelle-international-trade-mark-association\/","og_locale":"fr_CA","og_type":"article","og_title":"Conf\u00e9rence annuelle International Trade Mark Association - Lapointe Rosenstein Marchand Melan\u00e7on","og_description":"Iris G\u00fcnther pr\u00e9sidera un d\u00e9bat de sp\u00e9cialistes \u00e0 la conf\u00e9rence annuelle de l\u2019International Trade Mark Association qui aura lieu \u00e0 Dallas (Texas) du 4 au 8 mai inclusivement. Le groupe discutera de l\u2019impact de la responsabilit\u00e9 sociale des entreprises sur les marques de commerce et les marques. Il y aura parmi les sp\u00e9cialistes pr\u00e9sents des [&hellip;]","og_url":"https:\/\/www.lrmm.com\/fr\/actualite-s\/nouvelles\/2013-nouvelles\/conference-annuelle-international-trade-mark-association\/","og_site_name":"Lapointe Rosenstein Marchand Melan\u00e7on","article_published_time":"2022-03-10T02:46:49+00:00","article_modified_time":"2022-03-10T05:21:53+00:00","author":"mlbwdev","twitter_card":"summary_large_image","twitter_misc":{"\u00c9crit par":"mlbwdev","Estimation du temps de lecture":"1 minute"},"schema":{"@context":"https:\/\/schema.org","@graph":[{"@type":"Article","@id":"https:\/\/www.lrmm.com\/fr\/actualite-s\/nouvelles\/2013-nouvelles\/conference-annuelle-international-trade-mark-association\/#article","isPartOf":{"@id":"https:\/\/www.lrmm.com\/fr\/actualite-s\/nouvelles\/2013-nouvelles\/conference-annuelle-international-trade-mark-association\/"},"author":{"name":"mlbwdev","@id":"https:\/\/www.lrmm.com\/fr\/#\/schema\/person\/a494b773bde4003555adf65ea3a908b2"},"headline":"Conf\u00e9rence annuelle International Trade Mark Association","datePublished":"2022-03-10T02:46:49+00:00","dateModified":"2022-03-10T05:21:53+00:00","mainEntityOfPage":{"@id":"https:\/\/www.lrmm.com\/fr\/actualite-s\/nouvelles\/2013-nouvelles\/conference-annuelle-international-trade-mark-association\/"},"wordCount":125,"commentCount":0,"articleSection":["2013","Actualit\u00e9s","Nouvelles"],"inLanguage":"fr-CA","potentialAction":[{"@type":"CommentAction","name":"Comment","target":["https:\/\/www.lrmm.com\/fr\/actualite-s\/nouvelles\/2013-nouvelles\/conference-annuelle-international-trade-mark-association\/#respond"]}]},{"@type":"WebPage","@id":"https:\/\/www.lrmm.com\/fr\/actualite-s\/nouvelles\/2013-nouvelles\/conference-annuelle-international-trade-mark-association\/","url":"https:\/\/www.lrmm.com\/fr\/actualite-s\/nouvelles\/2013-nouvelles\/conference-annuelle-international-trade-mark-association\/","name":"Conf\u00e9rence annuelle International Trade Mark Association - Lapointe Rosenstein Marchand Melan\u00e7on","isPartOf":{"@id":"https:\/\/www.lrmm.com\/fr\/#website"},"datePublished":"2022-03-10T02:46:49+00:00","dateModified":"2022-03-10T05:21:53+00:00","author":{"@id":"https:\/\/www.lrmm.com\/fr\/#\/schema\/person\/a494b773bde4003555adf65ea3a908b2"},"breadcrumb":{"@id":"https:\/\/www.lrmm.com\/fr\/actualite-s\/nouvelles\/2013-nouvelles\/conference-annuelle-international-trade-mark-association\/#breadcrumb"},"inLanguage":"fr-CA","potentialAction":[{"@type":"ReadAction","target":["https:\/\/www.lrmm.com\/fr\/actualite-s\/nouvelles\/2013-nouvelles\/conference-annuelle-international-trade-mark-association\/"]}]},{"@type":"BreadcrumbList","@id":"https:\/\/www.lrmm.com\/fr\/actualite-s\/nouvelles\/2013-nouvelles\/conference-annuelle-international-trade-mark-association\/#breadcrumb","itemListElement":[{"@type":"ListItem","position":1,"name":"Accueil","item":"https:\/\/www.lrmm.com\/fr\/"},{"@type":"ListItem","position":2,"name":"Conf\u00e9rence annuelle International Trade Mark Association"}]},{"@type":"WebSite","@id":"https:\/\/www.lrmm.com\/fr\/#website","url":"https:\/\/www.lrmm.com\/fr\/","name":"Lapointe Rosenstein Marchand Melan\u00e7on","description":"","potentialAction":[{"@type":"SearchAction","target":{"@type":"EntryPoint","urlTemplate":"https:\/\/www.lrmm.com\/fr\/?s={search_term_string}"},"query-input":{"@type":"PropertyValueSpecification","valueRequired":true,"valueName":"search_term_string"}}],"inLanguage":"fr-CA"},{"@type":"Person","@id":"https:\/\/www.lrmm.com\/fr\/#\/schema\/person\/a494b773bde4003555adf65ea3a908b2","name":"mlbwdev","image":{"@type":"ImageObject","inLanguage":"fr-CA","@id":"https:\/\/www.lrmm.com\/fr\/#\/schema\/person\/image\/","url":"https:\/\/secure.gravatar.com\/avatar\/8ac5052f5b8214925aa49a0e82e9cfb1105700e37a07755ea489abcaad17c9d9?s=96&d=mm&r=g","contentUrl":"https:\/\/secure.gravatar.com\/avatar\/8ac5052f5b8214925aa49a0e82e9cfb1105700e37a07755ea489abcaad17c9d9?s=96&d=mm&r=g","caption":"mlbwdev"}}]}},"_links":{"self":[{"href":"https:\/\/www.lrmm.com\/fr\/wp-json\/wp\/v2\/posts\/937","targetHints":{"allow":["GET"]}}],"collection":[{"href":"https:\/\/www.lrmm.com\/fr\/wp-json\/wp\/v2\/posts"}],"about":[{"href":"https:\/\/www.lrmm.com\/fr\/wp-json\/wp\/v2\/types\/post"}],"author":[{"embeddable":true,"href":"https:\/\/www.lrmm.com\/fr\/wp-json\/wp\/v2\/users\/1"}],"replies":[{"embeddable":true,"href":"https:\/\/www.lrmm.com\/fr\/wp-json\/wp\/v2\/comments?post=937"}],"version-history":[{"count":0,"href":"https:\/\/www.lrmm.com\/fr\/wp-json\/wp\/v2\/posts\/937\/revisions"}],"wp:attachment":[{"href":"https:\/\/www.lrmm.com\/fr\/wp-json\/wp\/v2\/media?parent=937"}],"wp:term":[{"taxonomy":"category","embeddable":true,"href":"https:\/\/www.lrmm.com\/fr\/wp-json\/wp\/v2\/categories?post=937"},{"taxonomy":"post_tag","embeddable":true,"href":"https:\/\/www.lrmm.com\/fr\/wp-json\/wp\/v2\/tags?post=937"}],"curies":[{"name":"wp","href":"https:\/\/api.w.org\/{rel}","templated":true}]}}