{"id":874,"date":"2020-09-24T00:00:00","date_gmt":"2020-09-24T04:00:00","guid":{"rendered":"https:\/\/www.lrmm.com\/peter-moraitis-gestion-des-risques-covid-19-pandemie-ringuette-canada\/"},"modified":"2022-03-10T00:46:33","modified_gmt":"2022-03-10T05:46:33","slug":"peter-moraitis-gestion-des-risques-covid-19-pandemie-ringuette-canada","status":"publish","type":"post","link":"https:\/\/www.lrmm.com\/fr\/actualite-s\/confe-rences\/2020\/peter-moraitis-gestion-des-risques-covid-19-pandemie-ringuette-canada\/","title":{"rendered":"Peter Moraitis &#8211; Gestion des risques &#8211; COVID-19 &#8211; Pand\u00e9mie &#8211; Ringuette Canada"},"content":{"rendered":"<p> <a href=\"https:\/\/www.lrmm.com\/fr-CA\/e-quipe\/avocats\/avocat-moraitis-peter\" target=\"_blank\" rel=\"noopener\">Peter Moraitis<\/a>\u00a0est conf\u00e9rencier \u00e0 l\u2019occasion d\u2019une visioconf\u00e9rence intitul\u00e9e \u00ab La gestion des risques et les consid\u00e9rations juridiques dans un environnement COVID-19 \u00bb, pr\u00e9sent\u00e9e par Ringuette Canada. Il est accompagn\u00e9 de Sacha Vaillancourt, vice-pr\u00e9sident, directeur d&rsquo;unit\u00e9 \u2013 Sports et loisirs et films, m\u00e9dias et spectacles, chez BFL Canada.<\/p>\n<p>Durant cette conf\u00e9rence, les deux animateurs discutent des d\u00e9marches et questions importantes que les associations de ringuette doivent consid\u00e9rer en ces moments sans pr\u00e9c\u00e9dent. Il est, entre autres, question des enjeux d\u2019assurance, de la gestion des risques, de la renonciation, de l\u2019acceptation des risques et de la gouvernance.<\/p>\n<p>\u00a0<\/p>\n","protected":false},"excerpt":{"rendered":"<p>Peter Moraitis\u00a0est conf\u00e9rencier \u00e0 l\u2019occasion d\u2019une visioconf\u00e9rence intitul\u00e9e \u00ab La gestion des risques et les consid\u00e9rations juridiques dans un environnement COVID-19 \u00bb, pr\u00e9sent\u00e9e par Ringuette Canada. Il est accompagn\u00e9 de Sacha Vaillancourt, vice-pr\u00e9sident, directeur d&rsquo;unit\u00e9 \u2013 Sports et loisirs et films, m\u00e9dias et spectacles, chez BFL Canada. Durant cette conf\u00e9rence, les deux animateurs discutent des [&hellip;]<\/p>\n","protected":false},"author":1,"featured_media":0,"comment_status":"open","ping_status":"open","sticky":false,"template":"","format":"standard","meta":{"_acf_changed":false,"footnotes":""},"categories":[42,27,28],"tags":[],"class_list":["post-874","post","type-post","status-publish","format-standard","hentry","category-42","category-actualite-s","category-confe-rences"],"acf":[],"yoast_head":"<!-- This site is optimized with the Yoast SEO plugin v26.9 - https:\/\/yoast.com\/product\/yoast-seo-wordpress\/ -->\n<title>Peter Moraitis - Gestion des risques - COVID-19 - Pand\u00e9mie - Ringuette Canada - Lapointe Rosenstein Marchand Melan\u00e7on<\/title>\n<meta name=\"robots\" content=\"index, follow, max-snippet:-1, max-image-preview:large, max-video-preview:-1\" \/>\n<link rel=\"canonical\" href=\"https:\/\/www.lrmm.com\/fr\/actualite-s\/confe-rences\/2020\/peter-moraitis-gestion-des-risques-covid-19-pandemie-ringuette-canada\/\" \/>\n<meta property=\"og:locale\" content=\"fr_CA\" \/>\n<meta property=\"og:type\" content=\"article\" \/>\n<meta property=\"og:title\" content=\"Peter Moraitis - Gestion des risques - COVID-19 - Pand\u00e9mie - Ringuette Canada - Lapointe Rosenstein Marchand Melan\u00e7on\" \/>\n<meta property=\"og:description\" content=\"Peter Moraitis\u00a0est conf\u00e9rencier \u00e0 l\u2019occasion d\u2019une visioconf\u00e9rence intitul\u00e9e \u00ab La gestion des risques et les consid\u00e9rations juridiques dans un environnement COVID-19 \u00bb, pr\u00e9sent\u00e9e par Ringuette Canada. Il est accompagn\u00e9 de Sacha Vaillancourt, vice-pr\u00e9sident, directeur d&rsquo;unit\u00e9 \u2013 Sports et loisirs et films, m\u00e9dias et spectacles, chez BFL Canada. Durant cette conf\u00e9rence, les deux animateurs discutent des [&hellip;]\" \/>\n<meta property=\"og:url\" content=\"https:\/\/www.lrmm.com\/fr\/actualite-s\/confe-rences\/2020\/peter-moraitis-gestion-des-risques-covid-19-pandemie-ringuette-canada\/\" \/>\n<meta property=\"og:site_name\" content=\"Lapointe Rosenstein Marchand Melan\u00e7on\" \/>\n<meta property=\"article:published_time\" content=\"2020-09-24T04:00:00+00:00\" \/>\n<meta property=\"article:modified_time\" content=\"2022-03-10T05:46:33+00:00\" \/>\n<meta name=\"author\" content=\"mlbwdev\" \/>\n<meta name=\"twitter:card\" content=\"summary_large_image\" \/>\n<meta name=\"twitter:label1\" content=\"\u00c9crit par\" \/>\n\t<meta name=\"twitter:data1\" content=\"mlbwdev\" \/>\n\t<meta name=\"twitter:label2\" content=\"Estimation du temps de lecture\" \/>\n\t<meta name=\"twitter:data2\" content=\"1 minute\" \/>\n<script type=\"application\/ld+json\" class=\"yoast-schema-graph\">{\"@context\":\"https:\/\/schema.org\",\"@graph\":[{\"@type\":\"Article\",\"@id\":\"https:\/\/www.lrmm.com\/fr\/actualite-s\/confe-rences\/2020\/peter-moraitis-gestion-des-risques-covid-19-pandemie-ringuette-canada\/#article\",\"isPartOf\":{\"@id\":\"https:\/\/www.lrmm.com\/fr\/actualite-s\/confe-rences\/2020\/peter-moraitis-gestion-des-risques-covid-19-pandemie-ringuette-canada\/\"},\"author\":{\"name\":\"mlbwdev\",\"@id\":\"https:\/\/www.lrmm.com\/fr\/#\/schema\/person\/a494b773bde4003555adf65ea3a908b2\"},\"headline\":\"Peter Moraitis &#8211; Gestion des risques &#8211; COVID-19 &#8211; Pand\u00e9mie &#8211; Ringuette Canada\",\"datePublished\":\"2020-09-24T04:00:00+00:00\",\"dateModified\":\"2022-03-10T05:46:33+00:00\",\"mainEntityOfPage\":{\"@id\":\"https:\/\/www.lrmm.com\/fr\/actualite-s\/confe-rences\/2020\/peter-moraitis-gestion-des-risques-covid-19-pandemie-ringuette-canada\/\"},\"wordCount\":123,\"commentCount\":0,\"articleSection\":[\"2020\",\"Actualit\u00e9s\",\"Conf\u00e9rences\"],\"inLanguage\":\"fr-CA\",\"potentialAction\":[{\"@type\":\"CommentAction\",\"name\":\"Comment\",\"target\":[\"https:\/\/www.lrmm.com\/fr\/actualite-s\/confe-rences\/2020\/peter-moraitis-gestion-des-risques-covid-19-pandemie-ringuette-canada\/#respond\"]}]},{\"@type\":\"WebPage\",\"@id\":\"https:\/\/www.lrmm.com\/fr\/actualite-s\/confe-rences\/2020\/peter-moraitis-gestion-des-risques-covid-19-pandemie-ringuette-canada\/\",\"url\":\"https:\/\/www.lrmm.com\/fr\/actualite-s\/confe-rences\/2020\/peter-moraitis-gestion-des-risques-covid-19-pandemie-ringuette-canada\/\",\"name\":\"Peter Moraitis - Gestion des risques - COVID-19 - Pand\u00e9mie - Ringuette Canada - Lapointe Rosenstein Marchand Melan\u00e7on\",\"isPartOf\":{\"@id\":\"https:\/\/www.lrmm.com\/fr\/#website\"},\"datePublished\":\"2020-09-24T04:00:00+00:00\",\"dateModified\":\"2022-03-10T05:46:33+00:00\",\"author\":{\"@id\":\"https:\/\/www.lrmm.com\/fr\/#\/schema\/person\/a494b773bde4003555adf65ea3a908b2\"},\"breadcrumb\":{\"@id\":\"https:\/\/www.lrmm.com\/fr\/actualite-s\/confe-rences\/2020\/peter-moraitis-gestion-des-risques-covid-19-pandemie-ringuette-canada\/#breadcrumb\"},\"inLanguage\":\"fr-CA\",\"potentialAction\":[{\"@type\":\"ReadAction\",\"target\":[\"https:\/\/www.lrmm.com\/fr\/actualite-s\/confe-rences\/2020\/peter-moraitis-gestion-des-risques-covid-19-pandemie-ringuette-canada\/\"]}]},{\"@type\":\"BreadcrumbList\",\"@id\":\"https:\/\/www.lrmm.com\/fr\/actualite-s\/confe-rences\/2020\/peter-moraitis-gestion-des-risques-covid-19-pandemie-ringuette-canada\/#breadcrumb\",\"itemListElement\":[{\"@type\":\"ListItem\",\"position\":1,\"name\":\"Accueil\",\"item\":\"https:\/\/www.lrmm.com\/fr\/\"},{\"@type\":\"ListItem\",\"position\":2,\"name\":\"Peter Moraitis &#8211; Gestion des risques &#8211; COVID-19 &#8211; Pand\u00e9mie &#8211; Ringuette Canada\"}]},{\"@type\":\"WebSite\",\"@id\":\"https:\/\/www.lrmm.com\/fr\/#website\",\"url\":\"https:\/\/www.lrmm.com\/fr\/\",\"name\":\"Lapointe Rosenstein Marchand Melan\u00e7on\",\"description\":\"\",\"potentialAction\":[{\"@type\":\"SearchAction\",\"target\":{\"@type\":\"EntryPoint\",\"urlTemplate\":\"https:\/\/www.lrmm.com\/fr\/?s={search_term_string}\"},\"query-input\":{\"@type\":\"PropertyValueSpecification\",\"valueRequired\":true,\"valueName\":\"search_term_string\"}}],\"inLanguage\":\"fr-CA\"},{\"@type\":\"Person\",\"@id\":\"https:\/\/www.lrmm.com\/fr\/#\/schema\/person\/a494b773bde4003555adf65ea3a908b2\",\"name\":\"mlbwdev\",\"image\":{\"@type\":\"ImageObject\",\"inLanguage\":\"fr-CA\",\"@id\":\"https:\/\/www.lrmm.com\/fr\/#\/schema\/person\/image\/\",\"url\":\"https:\/\/secure.gravatar.com\/avatar\/8ac5052f5b8214925aa49a0e82e9cfb1105700e37a07755ea489abcaad17c9d9?s=96&d=mm&r=g\",\"contentUrl\":\"https:\/\/secure.gravatar.com\/avatar\/8ac5052f5b8214925aa49a0e82e9cfb1105700e37a07755ea489abcaad17c9d9?s=96&d=mm&r=g\",\"caption\":\"mlbwdev\"}}]}<\/script>\n<!-- \/ Yoast SEO plugin. -->","yoast_head_json":{"title":"Peter Moraitis - Gestion des risques - COVID-19 - Pand\u00e9mie - Ringuette Canada - Lapointe Rosenstein Marchand Melan\u00e7on","robots":{"index":"index","follow":"follow","max-snippet":"max-snippet:-1","max-image-preview":"max-image-preview:large","max-video-preview":"max-video-preview:-1"},"canonical":"https:\/\/www.lrmm.com\/fr\/actualite-s\/confe-rences\/2020\/peter-moraitis-gestion-des-risques-covid-19-pandemie-ringuette-canada\/","og_locale":"fr_CA","og_type":"article","og_title":"Peter Moraitis - Gestion des risques - COVID-19 - Pand\u00e9mie - Ringuette Canada - Lapointe Rosenstein Marchand Melan\u00e7on","og_description":"Peter Moraitis\u00a0est conf\u00e9rencier \u00e0 l\u2019occasion d\u2019une visioconf\u00e9rence intitul\u00e9e \u00ab La gestion des risques et les consid\u00e9rations juridiques dans un environnement COVID-19 \u00bb, pr\u00e9sent\u00e9e par Ringuette Canada. Il est accompagn\u00e9 de Sacha Vaillancourt, vice-pr\u00e9sident, directeur d&rsquo;unit\u00e9 \u2013 Sports et loisirs et films, m\u00e9dias et spectacles, chez BFL Canada. Durant cette conf\u00e9rence, les deux animateurs discutent des [&hellip;]","og_url":"https:\/\/www.lrmm.com\/fr\/actualite-s\/confe-rences\/2020\/peter-moraitis-gestion-des-risques-covid-19-pandemie-ringuette-canada\/","og_site_name":"Lapointe Rosenstein Marchand Melan\u00e7on","article_published_time":"2020-09-24T04:00:00+00:00","article_modified_time":"2022-03-10T05:46:33+00:00","author":"mlbwdev","twitter_card":"summary_large_image","twitter_misc":{"\u00c9crit par":"mlbwdev","Estimation du temps de lecture":"1 minute"},"schema":{"@context":"https:\/\/schema.org","@graph":[{"@type":"Article","@id":"https:\/\/www.lrmm.com\/fr\/actualite-s\/confe-rences\/2020\/peter-moraitis-gestion-des-risques-covid-19-pandemie-ringuette-canada\/#article","isPartOf":{"@id":"https:\/\/www.lrmm.com\/fr\/actualite-s\/confe-rences\/2020\/peter-moraitis-gestion-des-risques-covid-19-pandemie-ringuette-canada\/"},"author":{"name":"mlbwdev","@id":"https:\/\/www.lrmm.com\/fr\/#\/schema\/person\/a494b773bde4003555adf65ea3a908b2"},"headline":"Peter Moraitis &#8211; Gestion des risques &#8211; COVID-19 &#8211; Pand\u00e9mie &#8211; Ringuette Canada","datePublished":"2020-09-24T04:00:00+00:00","dateModified":"2022-03-10T05:46:33+00:00","mainEntityOfPage":{"@id":"https:\/\/www.lrmm.com\/fr\/actualite-s\/confe-rences\/2020\/peter-moraitis-gestion-des-risques-covid-19-pandemie-ringuette-canada\/"},"wordCount":123,"commentCount":0,"articleSection":["2020","Actualit\u00e9s","Conf\u00e9rences"],"inLanguage":"fr-CA","potentialAction":[{"@type":"CommentAction","name":"Comment","target":["https:\/\/www.lrmm.com\/fr\/actualite-s\/confe-rences\/2020\/peter-moraitis-gestion-des-risques-covid-19-pandemie-ringuette-canada\/#respond"]}]},{"@type":"WebPage","@id":"https:\/\/www.lrmm.com\/fr\/actualite-s\/confe-rences\/2020\/peter-moraitis-gestion-des-risques-covid-19-pandemie-ringuette-canada\/","url":"https:\/\/www.lrmm.com\/fr\/actualite-s\/confe-rences\/2020\/peter-moraitis-gestion-des-risques-covid-19-pandemie-ringuette-canada\/","name":"Peter Moraitis - Gestion des risques - COVID-19 - Pand\u00e9mie - Ringuette Canada - Lapointe Rosenstein Marchand Melan\u00e7on","isPartOf":{"@id":"https:\/\/www.lrmm.com\/fr\/#website"},"datePublished":"2020-09-24T04:00:00+00:00","dateModified":"2022-03-10T05:46:33+00:00","author":{"@id":"https:\/\/www.lrmm.com\/fr\/#\/schema\/person\/a494b773bde4003555adf65ea3a908b2"},"breadcrumb":{"@id":"https:\/\/www.lrmm.com\/fr\/actualite-s\/confe-rences\/2020\/peter-moraitis-gestion-des-risques-covid-19-pandemie-ringuette-canada\/#breadcrumb"},"inLanguage":"fr-CA","potentialAction":[{"@type":"ReadAction","target":["https:\/\/www.lrmm.com\/fr\/actualite-s\/confe-rences\/2020\/peter-moraitis-gestion-des-risques-covid-19-pandemie-ringuette-canada\/"]}]},{"@type":"BreadcrumbList","@id":"https:\/\/www.lrmm.com\/fr\/actualite-s\/confe-rences\/2020\/peter-moraitis-gestion-des-risques-covid-19-pandemie-ringuette-canada\/#breadcrumb","itemListElement":[{"@type":"ListItem","position":1,"name":"Accueil","item":"https:\/\/www.lrmm.com\/fr\/"},{"@type":"ListItem","position":2,"name":"Peter Moraitis &#8211; Gestion des risques &#8211; COVID-19 &#8211; Pand\u00e9mie &#8211; Ringuette Canada"}]},{"@type":"WebSite","@id":"https:\/\/www.lrmm.com\/fr\/#website","url":"https:\/\/www.lrmm.com\/fr\/","name":"Lapointe Rosenstein Marchand Melan\u00e7on","description":"","potentialAction":[{"@type":"SearchAction","target":{"@type":"EntryPoint","urlTemplate":"https:\/\/www.lrmm.com\/fr\/?s={search_term_string}"},"query-input":{"@type":"PropertyValueSpecification","valueRequired":true,"valueName":"search_term_string"}}],"inLanguage":"fr-CA"},{"@type":"Person","@id":"https:\/\/www.lrmm.com\/fr\/#\/schema\/person\/a494b773bde4003555adf65ea3a908b2","name":"mlbwdev","image":{"@type":"ImageObject","inLanguage":"fr-CA","@id":"https:\/\/www.lrmm.com\/fr\/#\/schema\/person\/image\/","url":"https:\/\/secure.gravatar.com\/avatar\/8ac5052f5b8214925aa49a0e82e9cfb1105700e37a07755ea489abcaad17c9d9?s=96&d=mm&r=g","contentUrl":"https:\/\/secure.gravatar.com\/avatar\/8ac5052f5b8214925aa49a0e82e9cfb1105700e37a07755ea489abcaad17c9d9?s=96&d=mm&r=g","caption":"mlbwdev"}}]}},"_links":{"self":[{"href":"https:\/\/www.lrmm.com\/fr\/wp-json\/wp\/v2\/posts\/874","targetHints":{"allow":["GET"]}}],"collection":[{"href":"https:\/\/www.lrmm.com\/fr\/wp-json\/wp\/v2\/posts"}],"about":[{"href":"https:\/\/www.lrmm.com\/fr\/wp-json\/wp\/v2\/types\/post"}],"author":[{"embeddable":true,"href":"https:\/\/www.lrmm.com\/fr\/wp-json\/wp\/v2\/users\/1"}],"replies":[{"embeddable":true,"href":"https:\/\/www.lrmm.com\/fr\/wp-json\/wp\/v2\/comments?post=874"}],"version-history":[{"count":0,"href":"https:\/\/www.lrmm.com\/fr\/wp-json\/wp\/v2\/posts\/874\/revisions"}],"wp:attachment":[{"href":"https:\/\/www.lrmm.com\/fr\/wp-json\/wp\/v2\/media?parent=874"}],"wp:term":[{"taxonomy":"category","embeddable":true,"href":"https:\/\/www.lrmm.com\/fr\/wp-json\/wp\/v2\/categories?post=874"},{"taxonomy":"post_tag","embeddable":true,"href":"https:\/\/www.lrmm.com\/fr\/wp-json\/wp\/v2\/tags?post=874"}],"curies":[{"name":"wp","href":"https:\/\/api.w.org\/{rel}","templated":true}]}}