{"id":850,"date":"2018-02-08T00:00:00","date_gmt":"2018-02-08T05:00:00","guid":{"rendered":"https:\/\/www.lrmm.com\/michel-durand-conference-apff\/"},"modified":"2022-03-10T00:53:58","modified_gmt":"2022-03-10T05:53:58","slug":"michel-durand-conference-apff","status":"publish","type":"post","link":"https:\/\/www.lrmm.com\/fr\/actualite-s\/confe-rences\/2018\/michel-durand-conference-apff\/","title":{"rendered":"Michel Durand &#8211; Conf\u00e9rence APFF"},"content":{"rendered":"<p> Michel Durand\u00a0sera conf\u00e9rencier lors du prochain colloque de l\u2019Association de planification fiscale et financi\u00e8re, qui se tiendra le 8\u00a0f\u00e9vrier prochain \u00e0 l\u2019h\u00f4tel Bonaventure Montr\u00e9al, et qui portera sur les fiducies.<\/p>\n<p>Lors de sa conf\u00e9rence intitul\u00e9e \u00ab\u00a0La planification post-mortem : quand le droit fiscal rencontre le droit civil\u00a0\u00bb, il discutera avec Michel Beauchamp, notaire, de certaines planifications fiscales post mortem. Les deux conf\u00e9renciers mettront en relief les obstacles potentiels du droit civil. Par exemple, les pouvoirs du liquidateur n\u00e9cessaires pour faire une transaction de type \u00ab\u00a0pipeline\u00a0\u00bb et les solutions possibles pour un liquidateur lorsque des actions d\u2019une soci\u00e9t\u00e9 priv\u00e9e font l\u2019objet d\u2019un legs particulier.<\/p>\n<p>Cette formation est accr\u00e9dit\u00e9e par la plupart des ordres professionnels. Pour vous inscrire, rendez vous sur le site de l\u2019<a href=\"https:\/\/www.apff.org\/fr\/colloques-et-symposiums.aspx\" target=\"_blank\" rel=\"noopener\">APFF<\/a>.\u00a0<\/p>\n","protected":false},"excerpt":{"rendered":"<p>Michel Durand\u00a0sera conf\u00e9rencier lors du prochain colloque de l\u2019Association de planification fiscale et financi\u00e8re, qui se tiendra le 8\u00a0f\u00e9vrier prochain \u00e0 l\u2019h\u00f4tel Bonaventure Montr\u00e9al, et qui portera sur les fiducies. Lors de sa conf\u00e9rence intitul\u00e9e \u00ab\u00a0La planification post-mortem : quand le droit fiscal rencontre le droit civil\u00a0\u00bb, il discutera avec Michel Beauchamp, notaire, de certaines [&hellip;]<\/p>\n","protected":false},"author":1,"featured_media":0,"comment_status":"open","ping_status":"open","sticky":false,"template":"","format":"standard","meta":{"_acf_changed":false,"footnotes":""},"categories":[40,27,28],"tags":[],"class_list":["post-850","post","type-post","status-publish","format-standard","hentry","category-40","category-actualite-s","category-confe-rences"],"acf":[],"yoast_head":"<!-- This site is optimized with the Yoast SEO plugin v26.9 - https:\/\/yoast.com\/product\/yoast-seo-wordpress\/ -->\n<title>Michel Durand - Conf\u00e9rence APFF - Lapointe Rosenstein Marchand Melan\u00e7on<\/title>\n<meta name=\"robots\" content=\"index, follow, max-snippet:-1, max-image-preview:large, max-video-preview:-1\" \/>\n<link rel=\"canonical\" href=\"https:\/\/www.lrmm.com\/fr\/actualite-s\/confe-rences\/2018\/michel-durand-conference-apff\/\" \/>\n<meta property=\"og:locale\" content=\"fr_CA\" \/>\n<meta property=\"og:type\" content=\"article\" \/>\n<meta property=\"og:title\" content=\"Michel Durand - Conf\u00e9rence APFF - Lapointe Rosenstein Marchand Melan\u00e7on\" \/>\n<meta property=\"og:description\" content=\"Michel Durand\u00a0sera conf\u00e9rencier lors du prochain colloque de l\u2019Association de planification fiscale et financi\u00e8re, qui se tiendra le 8\u00a0f\u00e9vrier prochain \u00e0 l\u2019h\u00f4tel Bonaventure Montr\u00e9al, et qui portera sur les fiducies. Lors de sa conf\u00e9rence intitul\u00e9e \u00ab\u00a0La planification post-mortem : quand le droit fiscal rencontre le droit civil\u00a0\u00bb, il discutera avec Michel Beauchamp, notaire, de certaines [&hellip;]\" \/>\n<meta property=\"og:url\" content=\"https:\/\/www.lrmm.com\/fr\/actualite-s\/confe-rences\/2018\/michel-durand-conference-apff\/\" \/>\n<meta property=\"og:site_name\" content=\"Lapointe Rosenstein Marchand Melan\u00e7on\" \/>\n<meta property=\"article:published_time\" content=\"2018-02-08T05:00:00+00:00\" \/>\n<meta property=\"article:modified_time\" content=\"2022-03-10T05:53:58+00:00\" \/>\n<meta name=\"author\" content=\"mlbwdev\" \/>\n<meta name=\"twitter:card\" content=\"summary_large_image\" \/>\n<meta name=\"twitter:label1\" content=\"\u00c9crit par\" \/>\n\t<meta name=\"twitter:data1\" content=\"mlbwdev\" \/>\n\t<meta name=\"twitter:label2\" content=\"Estimation du temps de lecture\" \/>\n\t<meta name=\"twitter:data2\" content=\"1 minute\" \/>\n<script type=\"application\/ld+json\" class=\"yoast-schema-graph\">{\"@context\":\"https:\/\/schema.org\",\"@graph\":[{\"@type\":\"Article\",\"@id\":\"https:\/\/www.lrmm.com\/fr\/actualite-s\/confe-rences\/2018\/michel-durand-conference-apff\/#article\",\"isPartOf\":{\"@id\":\"https:\/\/www.lrmm.com\/fr\/actualite-s\/confe-rences\/2018\/michel-durand-conference-apff\/\"},\"author\":{\"name\":\"mlbwdev\",\"@id\":\"https:\/\/www.lrmm.com\/fr\/#\/schema\/person\/a494b773bde4003555adf65ea3a908b2\"},\"headline\":\"Michel Durand &#8211; Conf\u00e9rence APFF\",\"datePublished\":\"2018-02-08T05:00:00+00:00\",\"dateModified\":\"2022-03-10T05:53:58+00:00\",\"mainEntityOfPage\":{\"@id\":\"https:\/\/www.lrmm.com\/fr\/actualite-s\/confe-rences\/2018\/michel-durand-conference-apff\/\"},\"wordCount\":147,\"commentCount\":0,\"articleSection\":[\"2018\",\"Actualit\u00e9s\",\"Conf\u00e9rences\"],\"inLanguage\":\"fr-CA\",\"potentialAction\":[{\"@type\":\"CommentAction\",\"name\":\"Comment\",\"target\":[\"https:\/\/www.lrmm.com\/fr\/actualite-s\/confe-rences\/2018\/michel-durand-conference-apff\/#respond\"]}]},{\"@type\":\"WebPage\",\"@id\":\"https:\/\/www.lrmm.com\/fr\/actualite-s\/confe-rences\/2018\/michel-durand-conference-apff\/\",\"url\":\"https:\/\/www.lrmm.com\/fr\/actualite-s\/confe-rences\/2018\/michel-durand-conference-apff\/\",\"name\":\"Michel Durand - Conf\u00e9rence APFF - Lapointe Rosenstein Marchand Melan\u00e7on\",\"isPartOf\":{\"@id\":\"https:\/\/www.lrmm.com\/fr\/#website\"},\"datePublished\":\"2018-02-08T05:00:00+00:00\",\"dateModified\":\"2022-03-10T05:53:58+00:00\",\"author\":{\"@id\":\"https:\/\/www.lrmm.com\/fr\/#\/schema\/person\/a494b773bde4003555adf65ea3a908b2\"},\"breadcrumb\":{\"@id\":\"https:\/\/www.lrmm.com\/fr\/actualite-s\/confe-rences\/2018\/michel-durand-conference-apff\/#breadcrumb\"},\"inLanguage\":\"fr-CA\",\"potentialAction\":[{\"@type\":\"ReadAction\",\"target\":[\"https:\/\/www.lrmm.com\/fr\/actualite-s\/confe-rences\/2018\/michel-durand-conference-apff\/\"]}]},{\"@type\":\"BreadcrumbList\",\"@id\":\"https:\/\/www.lrmm.com\/fr\/actualite-s\/confe-rences\/2018\/michel-durand-conference-apff\/#breadcrumb\",\"itemListElement\":[{\"@type\":\"ListItem\",\"position\":1,\"name\":\"Accueil\",\"item\":\"https:\/\/www.lrmm.com\/fr\/\"},{\"@type\":\"ListItem\",\"position\":2,\"name\":\"Michel Durand &#8211; Conf\u00e9rence APFF\"}]},{\"@type\":\"WebSite\",\"@id\":\"https:\/\/www.lrmm.com\/fr\/#website\",\"url\":\"https:\/\/www.lrmm.com\/fr\/\",\"name\":\"Lapointe Rosenstein Marchand Melan\u00e7on\",\"description\":\"\",\"potentialAction\":[{\"@type\":\"SearchAction\",\"target\":{\"@type\":\"EntryPoint\",\"urlTemplate\":\"https:\/\/www.lrmm.com\/fr\/?s={search_term_string}\"},\"query-input\":{\"@type\":\"PropertyValueSpecification\",\"valueRequired\":true,\"valueName\":\"search_term_string\"}}],\"inLanguage\":\"fr-CA\"},{\"@type\":\"Person\",\"@id\":\"https:\/\/www.lrmm.com\/fr\/#\/schema\/person\/a494b773bde4003555adf65ea3a908b2\",\"name\":\"mlbwdev\",\"image\":{\"@type\":\"ImageObject\",\"inLanguage\":\"fr-CA\",\"@id\":\"https:\/\/www.lrmm.com\/fr\/#\/schema\/person\/image\/\",\"url\":\"https:\/\/secure.gravatar.com\/avatar\/8ac5052f5b8214925aa49a0e82e9cfb1105700e37a07755ea489abcaad17c9d9?s=96&d=mm&r=g\",\"contentUrl\":\"https:\/\/secure.gravatar.com\/avatar\/8ac5052f5b8214925aa49a0e82e9cfb1105700e37a07755ea489abcaad17c9d9?s=96&d=mm&r=g\",\"caption\":\"mlbwdev\"}}]}<\/script>\n<!-- \/ Yoast SEO plugin. -->","yoast_head_json":{"title":"Michel Durand - Conf\u00e9rence APFF - Lapointe Rosenstein Marchand Melan\u00e7on","robots":{"index":"index","follow":"follow","max-snippet":"max-snippet:-1","max-image-preview":"max-image-preview:large","max-video-preview":"max-video-preview:-1"},"canonical":"https:\/\/www.lrmm.com\/fr\/actualite-s\/confe-rences\/2018\/michel-durand-conference-apff\/","og_locale":"fr_CA","og_type":"article","og_title":"Michel Durand - Conf\u00e9rence APFF - Lapointe Rosenstein Marchand Melan\u00e7on","og_description":"Michel Durand\u00a0sera conf\u00e9rencier lors du prochain colloque de l\u2019Association de planification fiscale et financi\u00e8re, qui se tiendra le 8\u00a0f\u00e9vrier prochain \u00e0 l\u2019h\u00f4tel Bonaventure Montr\u00e9al, et qui portera sur les fiducies. Lors de sa conf\u00e9rence intitul\u00e9e \u00ab\u00a0La planification post-mortem : quand le droit fiscal rencontre le droit civil\u00a0\u00bb, il discutera avec Michel Beauchamp, notaire, de certaines [&hellip;]","og_url":"https:\/\/www.lrmm.com\/fr\/actualite-s\/confe-rences\/2018\/michel-durand-conference-apff\/","og_site_name":"Lapointe Rosenstein Marchand Melan\u00e7on","article_published_time":"2018-02-08T05:00:00+00:00","article_modified_time":"2022-03-10T05:53:58+00:00","author":"mlbwdev","twitter_card":"summary_large_image","twitter_misc":{"\u00c9crit par":"mlbwdev","Estimation du temps de lecture":"1 minute"},"schema":{"@context":"https:\/\/schema.org","@graph":[{"@type":"Article","@id":"https:\/\/www.lrmm.com\/fr\/actualite-s\/confe-rences\/2018\/michel-durand-conference-apff\/#article","isPartOf":{"@id":"https:\/\/www.lrmm.com\/fr\/actualite-s\/confe-rences\/2018\/michel-durand-conference-apff\/"},"author":{"name":"mlbwdev","@id":"https:\/\/www.lrmm.com\/fr\/#\/schema\/person\/a494b773bde4003555adf65ea3a908b2"},"headline":"Michel Durand &#8211; Conf\u00e9rence APFF","datePublished":"2018-02-08T05:00:00+00:00","dateModified":"2022-03-10T05:53:58+00:00","mainEntityOfPage":{"@id":"https:\/\/www.lrmm.com\/fr\/actualite-s\/confe-rences\/2018\/michel-durand-conference-apff\/"},"wordCount":147,"commentCount":0,"articleSection":["2018","Actualit\u00e9s","Conf\u00e9rences"],"inLanguage":"fr-CA","potentialAction":[{"@type":"CommentAction","name":"Comment","target":["https:\/\/www.lrmm.com\/fr\/actualite-s\/confe-rences\/2018\/michel-durand-conference-apff\/#respond"]}]},{"@type":"WebPage","@id":"https:\/\/www.lrmm.com\/fr\/actualite-s\/confe-rences\/2018\/michel-durand-conference-apff\/","url":"https:\/\/www.lrmm.com\/fr\/actualite-s\/confe-rences\/2018\/michel-durand-conference-apff\/","name":"Michel Durand - Conf\u00e9rence APFF - Lapointe Rosenstein Marchand Melan\u00e7on","isPartOf":{"@id":"https:\/\/www.lrmm.com\/fr\/#website"},"datePublished":"2018-02-08T05:00:00+00:00","dateModified":"2022-03-10T05:53:58+00:00","author":{"@id":"https:\/\/www.lrmm.com\/fr\/#\/schema\/person\/a494b773bde4003555adf65ea3a908b2"},"breadcrumb":{"@id":"https:\/\/www.lrmm.com\/fr\/actualite-s\/confe-rences\/2018\/michel-durand-conference-apff\/#breadcrumb"},"inLanguage":"fr-CA","potentialAction":[{"@type":"ReadAction","target":["https:\/\/www.lrmm.com\/fr\/actualite-s\/confe-rences\/2018\/michel-durand-conference-apff\/"]}]},{"@type":"BreadcrumbList","@id":"https:\/\/www.lrmm.com\/fr\/actualite-s\/confe-rences\/2018\/michel-durand-conference-apff\/#breadcrumb","itemListElement":[{"@type":"ListItem","position":1,"name":"Accueil","item":"https:\/\/www.lrmm.com\/fr\/"},{"@type":"ListItem","position":2,"name":"Michel Durand &#8211; Conf\u00e9rence APFF"}]},{"@type":"WebSite","@id":"https:\/\/www.lrmm.com\/fr\/#website","url":"https:\/\/www.lrmm.com\/fr\/","name":"Lapointe Rosenstein Marchand Melan\u00e7on","description":"","potentialAction":[{"@type":"SearchAction","target":{"@type":"EntryPoint","urlTemplate":"https:\/\/www.lrmm.com\/fr\/?s={search_term_string}"},"query-input":{"@type":"PropertyValueSpecification","valueRequired":true,"valueName":"search_term_string"}}],"inLanguage":"fr-CA"},{"@type":"Person","@id":"https:\/\/www.lrmm.com\/fr\/#\/schema\/person\/a494b773bde4003555adf65ea3a908b2","name":"mlbwdev","image":{"@type":"ImageObject","inLanguage":"fr-CA","@id":"https:\/\/www.lrmm.com\/fr\/#\/schema\/person\/image\/","url":"https:\/\/secure.gravatar.com\/avatar\/8ac5052f5b8214925aa49a0e82e9cfb1105700e37a07755ea489abcaad17c9d9?s=96&d=mm&r=g","contentUrl":"https:\/\/secure.gravatar.com\/avatar\/8ac5052f5b8214925aa49a0e82e9cfb1105700e37a07755ea489abcaad17c9d9?s=96&d=mm&r=g","caption":"mlbwdev"}}]}},"_links":{"self":[{"href":"https:\/\/www.lrmm.com\/fr\/wp-json\/wp\/v2\/posts\/850","targetHints":{"allow":["GET"]}}],"collection":[{"href":"https:\/\/www.lrmm.com\/fr\/wp-json\/wp\/v2\/posts"}],"about":[{"href":"https:\/\/www.lrmm.com\/fr\/wp-json\/wp\/v2\/types\/post"}],"author":[{"embeddable":true,"href":"https:\/\/www.lrmm.com\/fr\/wp-json\/wp\/v2\/users\/1"}],"replies":[{"embeddable":true,"href":"https:\/\/www.lrmm.com\/fr\/wp-json\/wp\/v2\/comments?post=850"}],"version-history":[{"count":0,"href":"https:\/\/www.lrmm.com\/fr\/wp-json\/wp\/v2\/posts\/850\/revisions"}],"wp:attachment":[{"href":"https:\/\/www.lrmm.com\/fr\/wp-json\/wp\/v2\/media?parent=850"}],"wp:term":[{"taxonomy":"category","embeddable":true,"href":"https:\/\/www.lrmm.com\/fr\/wp-json\/wp\/v2\/categories?post=850"},{"taxonomy":"post_tag","embeddable":true,"href":"https:\/\/www.lrmm.com\/fr\/wp-json\/wp\/v2\/tags?post=850"}],"curies":[{"name":"wp","href":"https:\/\/api.w.org\/{rel}","templated":true}]}}