{"id":847,"date":"2018-10-25T00:00:00","date_gmt":"2018-10-25T04:00:00","guid":{"rendered":"https:\/\/www.lrmm.com\/jacquelin-caron-christopher-deehy-legalisation-du-cannabis-en-octobre\/"},"modified":"2022-03-10T00:52:32","modified_gmt":"2022-03-10T05:52:32","slug":"jacquelin-caron-christopher-deehy-legalisation-du-cannabis-en-octobre","status":"publish","type":"post","link":"https:\/\/www.lrmm.com\/fr\/actualite-s\/confe-rences\/2018\/jacquelin-caron-christopher-deehy-legalisation-du-cannabis-en-octobre\/","title":{"rendered":"Jacquelin Caron &#8211; Christopher Deehy &#8211; L\u00e9galisation du cannabis en octobre"},"content":{"rendered":"<p>\u00a0<\/p>\n<p><img fetchpriority=\"high\" decoding=\"async\" src=\"\/CMS\/MediaFree\/image\/cannabis20206570.jpg\" width=\"400\" height=\"266\" alt=\"\"><br \/> \u00a0<\/p>\n<p>La vente de cannabis \u00e0 des fins r\u00e9cr\u00e9atives deviendra l\u00e9gale le 17\u00a0octobre 2018. En r\u00e9ponse aux nombreuses questions des employeurs, <a href=\"\/fr-CA\/e-quipe\/avocats\/avocat-caron-jacquelin\" target=\"_blank\" rel=\"noopener\">Jacquelin Caron<\/a> et <a href=\"\/fr-CA\/e-quipe\/avocats\/avocat-deehy-christopher\" target=\"_blank\" rel=\"noopener\">Christopher Deehy<\/a> donneront une conf\u00e9rence le 25\u00a0octobre sur l\u2019impact pratique et juridique de la l\u00e9galisation du cannabis \u00e0 l\u2019intention des membres de l\u2019Ordre des comptables professionnels agr\u00e9\u00e9s du Qu\u00e9bec.<\/p>\n<p>Ils traiteront notamment des obligations de l\u2019employeur en mati\u00e8re de sant\u00e9 et s\u00e9curit\u00e9 du travail.<\/p>\n<p><a href=\"http:\/\/cpaquebec.ca\/fr\/membres-cpa\/regroupements-regionaux\/montreal\/la-legalisation-du-cannabis\/\" target=\"_blank\" rel=\"noopener\">D\u00e9tails sur la conf\u00e9rence<\/a>.<br \/> \u00a0<\/p>\n","protected":false},"excerpt":{"rendered":"<p>\u00a0 \u00a0 La vente de cannabis \u00e0 des fins r\u00e9cr\u00e9atives deviendra l\u00e9gale le 17\u00a0octobre 2018. En r\u00e9ponse aux nombreuses questions des employeurs, Jacquelin Caron et Christopher Deehy donneront une conf\u00e9rence le 25\u00a0octobre sur l\u2019impact pratique et juridique de la l\u00e9galisation du cannabis \u00e0 l\u2019intention des membres de l\u2019Ordre des comptables professionnels agr\u00e9\u00e9s du Qu\u00e9bec. Ils [&hellip;]<\/p>\n","protected":false},"author":1,"featured_media":0,"comment_status":"open","ping_status":"open","sticky":false,"template":"","format":"standard","meta":{"_acf_changed":false,"footnotes":""},"categories":[40,27,28],"tags":[],"class_list":["post-847","post","type-post","status-publish","format-standard","hentry","category-40","category-actualite-s","category-confe-rences"],"acf":[],"yoast_head":"<!-- This site is optimized with the Yoast SEO plugin v26.9 - https:\/\/yoast.com\/product\/yoast-seo-wordpress\/ -->\n<title>Jacquelin Caron - Christopher Deehy - L\u00e9galisation du cannabis en octobre - Lapointe Rosenstein Marchand Melan\u00e7on<\/title>\n<meta name=\"robots\" content=\"index, follow, max-snippet:-1, max-image-preview:large, max-video-preview:-1\" \/>\n<link rel=\"canonical\" href=\"https:\/\/www.lrmm.com\/fr\/actualite-s\/confe-rences\/2018\/jacquelin-caron-christopher-deehy-legalisation-du-cannabis-en-octobre\/\" \/>\n<meta property=\"og:locale\" content=\"fr_CA\" \/>\n<meta property=\"og:type\" content=\"article\" \/>\n<meta property=\"og:title\" content=\"Jacquelin Caron - Christopher Deehy - L\u00e9galisation du cannabis en octobre - Lapointe Rosenstein Marchand Melan\u00e7on\" \/>\n<meta property=\"og:description\" content=\"\u00a0 \u00a0 La vente de cannabis \u00e0 des fins r\u00e9cr\u00e9atives deviendra l\u00e9gale le 17\u00a0octobre 2018. En r\u00e9ponse aux nombreuses questions des employeurs, Jacquelin Caron et Christopher Deehy donneront une conf\u00e9rence le 25\u00a0octobre sur l\u2019impact pratique et juridique de la l\u00e9galisation du cannabis \u00e0 l\u2019intention des membres de l\u2019Ordre des comptables professionnels agr\u00e9\u00e9s du Qu\u00e9bec. Ils [&hellip;]\" \/>\n<meta property=\"og:url\" content=\"https:\/\/www.lrmm.com\/fr\/actualite-s\/confe-rences\/2018\/jacquelin-caron-christopher-deehy-legalisation-du-cannabis-en-octobre\/\" \/>\n<meta property=\"og:site_name\" content=\"Lapointe Rosenstein Marchand Melan\u00e7on\" \/>\n<meta property=\"article:published_time\" content=\"2018-10-25T04:00:00+00:00\" \/>\n<meta property=\"article:modified_time\" content=\"2022-03-10T05:52:32+00:00\" \/>\n<meta name=\"author\" content=\"mlbwdev\" \/>\n<meta name=\"twitter:card\" content=\"summary_large_image\" \/>\n<meta name=\"twitter:label1\" content=\"\u00c9crit par\" \/>\n\t<meta name=\"twitter:data1\" content=\"mlbwdev\" \/>\n<script type=\"application\/ld+json\" class=\"yoast-schema-graph\">{\"@context\":\"https:\/\/schema.org\",\"@graph\":[{\"@type\":\"Article\",\"@id\":\"https:\/\/www.lrmm.com\/fr\/actualite-s\/confe-rences\/2018\/jacquelin-caron-christopher-deehy-legalisation-du-cannabis-en-octobre\/#article\",\"isPartOf\":{\"@id\":\"https:\/\/www.lrmm.com\/fr\/actualite-s\/confe-rences\/2018\/jacquelin-caron-christopher-deehy-legalisation-du-cannabis-en-octobre\/\"},\"author\":{\"name\":\"mlbwdev\",\"@id\":\"https:\/\/www.lrmm.com\/fr\/#\/schema\/person\/a494b773bde4003555adf65ea3a908b2\"},\"headline\":\"Jacquelin Caron &#8211; Christopher Deehy &#8211; L\u00e9galisation du cannabis en octobre\",\"datePublished\":\"2018-10-25T04:00:00+00:00\",\"dateModified\":\"2022-03-10T05:52:32+00:00\",\"mainEntityOfPage\":{\"@id\":\"https:\/\/www.lrmm.com\/fr\/actualite-s\/confe-rences\/2018\/jacquelin-caron-christopher-deehy-legalisation-du-cannabis-en-octobre\/\"},\"wordCount\":96,\"commentCount\":0,\"articleSection\":[\"2018\",\"Actualit\u00e9s\",\"Conf\u00e9rences\"],\"inLanguage\":\"fr-CA\",\"potentialAction\":[{\"@type\":\"CommentAction\",\"name\":\"Comment\",\"target\":[\"https:\/\/www.lrmm.com\/fr\/actualite-s\/confe-rences\/2018\/jacquelin-caron-christopher-deehy-legalisation-du-cannabis-en-octobre\/#respond\"]}]},{\"@type\":\"WebPage\",\"@id\":\"https:\/\/www.lrmm.com\/fr\/actualite-s\/confe-rences\/2018\/jacquelin-caron-christopher-deehy-legalisation-du-cannabis-en-octobre\/\",\"url\":\"https:\/\/www.lrmm.com\/fr\/actualite-s\/confe-rences\/2018\/jacquelin-caron-christopher-deehy-legalisation-du-cannabis-en-octobre\/\",\"name\":\"Jacquelin Caron - Christopher Deehy - L\u00e9galisation du cannabis en octobre - Lapointe Rosenstein Marchand Melan\u00e7on\",\"isPartOf\":{\"@id\":\"https:\/\/www.lrmm.com\/fr\/#website\"},\"datePublished\":\"2018-10-25T04:00:00+00:00\",\"dateModified\":\"2022-03-10T05:52:32+00:00\",\"author\":{\"@id\":\"https:\/\/www.lrmm.com\/fr\/#\/schema\/person\/a494b773bde4003555adf65ea3a908b2\"},\"breadcrumb\":{\"@id\":\"https:\/\/www.lrmm.com\/fr\/actualite-s\/confe-rences\/2018\/jacquelin-caron-christopher-deehy-legalisation-du-cannabis-en-octobre\/#breadcrumb\"},\"inLanguage\":\"fr-CA\",\"potentialAction\":[{\"@type\":\"ReadAction\",\"target\":[\"https:\/\/www.lrmm.com\/fr\/actualite-s\/confe-rences\/2018\/jacquelin-caron-christopher-deehy-legalisation-du-cannabis-en-octobre\/\"]}]},{\"@type\":\"BreadcrumbList\",\"@id\":\"https:\/\/www.lrmm.com\/fr\/actualite-s\/confe-rences\/2018\/jacquelin-caron-christopher-deehy-legalisation-du-cannabis-en-octobre\/#breadcrumb\",\"itemListElement\":[{\"@type\":\"ListItem\",\"position\":1,\"name\":\"Accueil\",\"item\":\"https:\/\/www.lrmm.com\/fr\/\"},{\"@type\":\"ListItem\",\"position\":2,\"name\":\"Jacquelin Caron &#8211; Christopher Deehy &#8211; L\u00e9galisation du cannabis en octobre\"}]},{\"@type\":\"WebSite\",\"@id\":\"https:\/\/www.lrmm.com\/fr\/#website\",\"url\":\"https:\/\/www.lrmm.com\/fr\/\",\"name\":\"Lapointe Rosenstein Marchand Melan\u00e7on\",\"description\":\"\",\"potentialAction\":[{\"@type\":\"SearchAction\",\"target\":{\"@type\":\"EntryPoint\",\"urlTemplate\":\"https:\/\/www.lrmm.com\/fr\/?s={search_term_string}\"},\"query-input\":{\"@type\":\"PropertyValueSpecification\",\"valueRequired\":true,\"valueName\":\"search_term_string\"}}],\"inLanguage\":\"fr-CA\"},{\"@type\":\"Person\",\"@id\":\"https:\/\/www.lrmm.com\/fr\/#\/schema\/person\/a494b773bde4003555adf65ea3a908b2\",\"name\":\"mlbwdev\",\"image\":{\"@type\":\"ImageObject\",\"inLanguage\":\"fr-CA\",\"@id\":\"https:\/\/www.lrmm.com\/fr\/#\/schema\/person\/image\/\",\"url\":\"https:\/\/secure.gravatar.com\/avatar\/8ac5052f5b8214925aa49a0e82e9cfb1105700e37a07755ea489abcaad17c9d9?s=96&d=mm&r=g\",\"contentUrl\":\"https:\/\/secure.gravatar.com\/avatar\/8ac5052f5b8214925aa49a0e82e9cfb1105700e37a07755ea489abcaad17c9d9?s=96&d=mm&r=g\",\"caption\":\"mlbwdev\"}}]}<\/script>\n<!-- \/ Yoast SEO plugin. -->","yoast_head_json":{"title":"Jacquelin Caron - Christopher Deehy - L\u00e9galisation du cannabis en octobre - Lapointe Rosenstein Marchand Melan\u00e7on","robots":{"index":"index","follow":"follow","max-snippet":"max-snippet:-1","max-image-preview":"max-image-preview:large","max-video-preview":"max-video-preview:-1"},"canonical":"https:\/\/www.lrmm.com\/fr\/actualite-s\/confe-rences\/2018\/jacquelin-caron-christopher-deehy-legalisation-du-cannabis-en-octobre\/","og_locale":"fr_CA","og_type":"article","og_title":"Jacquelin Caron - Christopher Deehy - L\u00e9galisation du cannabis en octobre - Lapointe Rosenstein Marchand Melan\u00e7on","og_description":"\u00a0 \u00a0 La vente de cannabis \u00e0 des fins r\u00e9cr\u00e9atives deviendra l\u00e9gale le 17\u00a0octobre 2018. En r\u00e9ponse aux nombreuses questions des employeurs, Jacquelin Caron et Christopher Deehy donneront une conf\u00e9rence le 25\u00a0octobre sur l\u2019impact pratique et juridique de la l\u00e9galisation du cannabis \u00e0 l\u2019intention des membres de l\u2019Ordre des comptables professionnels agr\u00e9\u00e9s du Qu\u00e9bec. Ils [&hellip;]","og_url":"https:\/\/www.lrmm.com\/fr\/actualite-s\/confe-rences\/2018\/jacquelin-caron-christopher-deehy-legalisation-du-cannabis-en-octobre\/","og_site_name":"Lapointe Rosenstein Marchand Melan\u00e7on","article_published_time":"2018-10-25T04:00:00+00:00","article_modified_time":"2022-03-10T05:52:32+00:00","author":"mlbwdev","twitter_card":"summary_large_image","twitter_misc":{"\u00c9crit par":"mlbwdev"},"schema":{"@context":"https:\/\/schema.org","@graph":[{"@type":"Article","@id":"https:\/\/www.lrmm.com\/fr\/actualite-s\/confe-rences\/2018\/jacquelin-caron-christopher-deehy-legalisation-du-cannabis-en-octobre\/#article","isPartOf":{"@id":"https:\/\/www.lrmm.com\/fr\/actualite-s\/confe-rences\/2018\/jacquelin-caron-christopher-deehy-legalisation-du-cannabis-en-octobre\/"},"author":{"name":"mlbwdev","@id":"https:\/\/www.lrmm.com\/fr\/#\/schema\/person\/a494b773bde4003555adf65ea3a908b2"},"headline":"Jacquelin Caron &#8211; Christopher Deehy &#8211; L\u00e9galisation du cannabis en octobre","datePublished":"2018-10-25T04:00:00+00:00","dateModified":"2022-03-10T05:52:32+00:00","mainEntityOfPage":{"@id":"https:\/\/www.lrmm.com\/fr\/actualite-s\/confe-rences\/2018\/jacquelin-caron-christopher-deehy-legalisation-du-cannabis-en-octobre\/"},"wordCount":96,"commentCount":0,"articleSection":["2018","Actualit\u00e9s","Conf\u00e9rences"],"inLanguage":"fr-CA","potentialAction":[{"@type":"CommentAction","name":"Comment","target":["https:\/\/www.lrmm.com\/fr\/actualite-s\/confe-rences\/2018\/jacquelin-caron-christopher-deehy-legalisation-du-cannabis-en-octobre\/#respond"]}]},{"@type":"WebPage","@id":"https:\/\/www.lrmm.com\/fr\/actualite-s\/confe-rences\/2018\/jacquelin-caron-christopher-deehy-legalisation-du-cannabis-en-octobre\/","url":"https:\/\/www.lrmm.com\/fr\/actualite-s\/confe-rences\/2018\/jacquelin-caron-christopher-deehy-legalisation-du-cannabis-en-octobre\/","name":"Jacquelin Caron - Christopher Deehy - L\u00e9galisation du cannabis en octobre - Lapointe Rosenstein Marchand Melan\u00e7on","isPartOf":{"@id":"https:\/\/www.lrmm.com\/fr\/#website"},"datePublished":"2018-10-25T04:00:00+00:00","dateModified":"2022-03-10T05:52:32+00:00","author":{"@id":"https:\/\/www.lrmm.com\/fr\/#\/schema\/person\/a494b773bde4003555adf65ea3a908b2"},"breadcrumb":{"@id":"https:\/\/www.lrmm.com\/fr\/actualite-s\/confe-rences\/2018\/jacquelin-caron-christopher-deehy-legalisation-du-cannabis-en-octobre\/#breadcrumb"},"inLanguage":"fr-CA","potentialAction":[{"@type":"ReadAction","target":["https:\/\/www.lrmm.com\/fr\/actualite-s\/confe-rences\/2018\/jacquelin-caron-christopher-deehy-legalisation-du-cannabis-en-octobre\/"]}]},{"@type":"BreadcrumbList","@id":"https:\/\/www.lrmm.com\/fr\/actualite-s\/confe-rences\/2018\/jacquelin-caron-christopher-deehy-legalisation-du-cannabis-en-octobre\/#breadcrumb","itemListElement":[{"@type":"ListItem","position":1,"name":"Accueil","item":"https:\/\/www.lrmm.com\/fr\/"},{"@type":"ListItem","position":2,"name":"Jacquelin Caron &#8211; Christopher Deehy &#8211; L\u00e9galisation du cannabis en octobre"}]},{"@type":"WebSite","@id":"https:\/\/www.lrmm.com\/fr\/#website","url":"https:\/\/www.lrmm.com\/fr\/","name":"Lapointe Rosenstein Marchand Melan\u00e7on","description":"","potentialAction":[{"@type":"SearchAction","target":{"@type":"EntryPoint","urlTemplate":"https:\/\/www.lrmm.com\/fr\/?s={search_term_string}"},"query-input":{"@type":"PropertyValueSpecification","valueRequired":true,"valueName":"search_term_string"}}],"inLanguage":"fr-CA"},{"@type":"Person","@id":"https:\/\/www.lrmm.com\/fr\/#\/schema\/person\/a494b773bde4003555adf65ea3a908b2","name":"mlbwdev","image":{"@type":"ImageObject","inLanguage":"fr-CA","@id":"https:\/\/www.lrmm.com\/fr\/#\/schema\/person\/image\/","url":"https:\/\/secure.gravatar.com\/avatar\/8ac5052f5b8214925aa49a0e82e9cfb1105700e37a07755ea489abcaad17c9d9?s=96&d=mm&r=g","contentUrl":"https:\/\/secure.gravatar.com\/avatar\/8ac5052f5b8214925aa49a0e82e9cfb1105700e37a07755ea489abcaad17c9d9?s=96&d=mm&r=g","caption":"mlbwdev"}}]}},"_links":{"self":[{"href":"https:\/\/www.lrmm.com\/fr\/wp-json\/wp\/v2\/posts\/847","targetHints":{"allow":["GET"]}}],"collection":[{"href":"https:\/\/www.lrmm.com\/fr\/wp-json\/wp\/v2\/posts"}],"about":[{"href":"https:\/\/www.lrmm.com\/fr\/wp-json\/wp\/v2\/types\/post"}],"author":[{"embeddable":true,"href":"https:\/\/www.lrmm.com\/fr\/wp-json\/wp\/v2\/users\/1"}],"replies":[{"embeddable":true,"href":"https:\/\/www.lrmm.com\/fr\/wp-json\/wp\/v2\/comments?post=847"}],"version-history":[{"count":0,"href":"https:\/\/www.lrmm.com\/fr\/wp-json\/wp\/v2\/posts\/847\/revisions"}],"wp:attachment":[{"href":"https:\/\/www.lrmm.com\/fr\/wp-json\/wp\/v2\/media?parent=847"}],"wp:term":[{"taxonomy":"category","embeddable":true,"href":"https:\/\/www.lrmm.com\/fr\/wp-json\/wp\/v2\/categories?post=847"},{"taxonomy":"post_tag","embeddable":true,"href":"https:\/\/www.lrmm.com\/fr\/wp-json\/wp\/v2\/tags?post=847"}],"curies":[{"name":"wp","href":"https:\/\/api.w.org\/{rel}","templated":true}]}}