{"id":846,"date":"2018-09-26T00:00:00","date_gmt":"2018-09-26T04:00:00","guid":{"rendered":"https:\/\/www.lrmm.com\/helene-b-tessier-nancy-cleman-simon-rainville-conference-sur-la-cybersecurite\/"},"modified":"2022-03-10T00:53:13","modified_gmt":"2022-03-10T05:53:13","slug":"helene-b-tessier-nancy-cleman-simon-rainville-conference-sur-la-cybersecurite","status":"publish","type":"post","link":"https:\/\/www.lrmm.com\/fr\/actualite-s\/confe-rences\/2018\/helene-b-tessier-nancy-cleman-simon-rainville-conference-sur-la-cybersecurite\/","title":{"rendered":"H\u00e9l\u00e8ne B. Tessier &#8211; Nancy Cleman &#8211; Simon Rainville &#8211; Conf\u00e9rence sur la cybers\u00e9curit\u00e9"},"content":{"rendered":"<h3><strong><br \/> CONF\u00c9RENCE SUR LA CYBERS\u00c9CURIT\u00c9<\/strong><\/h3>\n<p>Les cyberattaques perp\u00e9tr\u00e9es contre les entreprises et leurs dirigeants sont de plus en plus fr\u00e9quentes et peu d\u2019entreprises au Qu\u00e9bec ont pris des mesures pour se prot\u00e9ger contre cette menace grandissante.<\/p>\n<p>Afin de sensibiliser sa client\u00e8le et l\u2019aider \u00e0 bien comprendre les vuln\u00e9rabilit\u00e9s et les risques, LRMM a tenu, le 26\u00a0septembre dernier, une conf\u00e9rence portant sur le vol de donn\u00e9es et l\u2019atteinte \u00e0 la vie priv\u00e9e.<\/p>\n<p>Un panel compos\u00e9 de Robert Masse, associ\u00e9 national au sein du Service Conseils en gestion des risques chez Deloitte, ainsi que deux avocats de notre cabinet, <a href=\"\/fr-CA\/e-quipe\/avocats\/avocate-cleman-nancy\" target=\"_blank\" rel=\"noopener\">Nancy Cleman<\/a> et <a href=\"\/fr-CA\/e-quipe\/avocats\/avocat-rainville-simon\" target=\"_blank\" rel=\"noopener\">Simon Rainville<\/a>, ont \u00e9chang\u00e9 sur le sujet et inform\u00e9 les participants de la n\u00e9cessit\u00e9 d\u2019\u00e9laborer un plan d\u2019action pour assurer la s\u00e9curit\u00e9 de leur entreprise et la leur. <a href=\"\/fr-CA\/e-quipe\/avocats\/avocate-tessier-he-le-ne\" target=\"_blank\" rel=\"noopener\">H\u00e9l\u00e8ne B. Tessier<\/a>, associ\u00e9e et chef de notre groupe Litiges civil et commercial, a agi \u00e0 titre de mod\u00e9ratrice.<\/p>\n<p>La conf\u00e9rence s\u2019est termin\u00e9e par un cocktail o\u00f9 les participants ont eu l\u2019occasion de poursuivre les discussions avec les conf\u00e9renciers.<br \/> \u00a0<\/p>\n<table width=\"200\" border=\"0\" align=\"center\" cellpadding=\"1\" cellspacing=\"1\">\n<tbody>\n<tr>\n<td><img fetchpriority=\"high\" decoding=\"async\" src=\"\/CMS\/MediaFree\/image\/Photo%20panel%20FR%20Cybersecurite.jpg\" width=\"500\" height=\"310\" alt=\"\"><\/td>\n<\/tr>\n<tr>\n<td>\u00a0<\/td>\n<\/tr>\n<tr>\n<td><img decoding=\"async\" src=\"\/CMS\/MediaFree\/image\/Photo%205%20collaborateurs%20Cybersecurite.jpg\" width=\"500\" height=\"314\" alt=\"\"><\/td>\n<\/tr>\n<tr>\n<td>De gauche \u00e0 droite : Simon Rainville, Nancy Cleman et H\u00e9l\u00e8ne B. Tessier de notre cabinet ainsi que Robert Masse et Christel Durand de chez Deloitte.<\/td>\n<\/tr>\n<\/tbody>\n<\/table>\n<p> \u00a0<\/p>\n","protected":false},"excerpt":{"rendered":"<p>CONF\u00c9RENCE SUR LA CYBERS\u00c9CURIT\u00c9 Les cyberattaques perp\u00e9tr\u00e9es contre les entreprises et leurs dirigeants sont de plus en plus fr\u00e9quentes et peu d\u2019entreprises au Qu\u00e9bec ont pris des mesures pour se prot\u00e9ger contre cette menace grandissante. Afin de sensibiliser sa client\u00e8le et l\u2019aider \u00e0 bien comprendre les vuln\u00e9rabilit\u00e9s et les risques, LRMM a tenu, le 26\u00a0septembre [&hellip;]<\/p>\n","protected":false},"author":1,"featured_media":0,"comment_status":"open","ping_status":"open","sticky":false,"template":"","format":"standard","meta":{"_acf_changed":false,"footnotes":""},"categories":[40,27,28],"tags":[],"class_list":["post-846","post","type-post","status-publish","format-standard","hentry","category-40","category-actualite-s","category-confe-rences"],"acf":[],"yoast_head":"<!-- This site is optimized with the Yoast SEO plugin v26.9 - https:\/\/yoast.com\/product\/yoast-seo-wordpress\/ -->\n<title>H\u00e9l\u00e8ne B. Tessier - Nancy Cleman - Simon Rainville - Conf\u00e9rence sur la cybers\u00e9curit\u00e9 - Lapointe Rosenstein Marchand Melan\u00e7on<\/title>\n<meta name=\"robots\" content=\"index, follow, max-snippet:-1, max-image-preview:large, max-video-preview:-1\" \/>\n<link rel=\"canonical\" href=\"https:\/\/www.lrmm.com\/fr\/actualite-s\/confe-rences\/2018\/helene-b-tessier-nancy-cleman-simon-rainville-conference-sur-la-cybersecurite\/\" \/>\n<meta property=\"og:locale\" content=\"fr_CA\" \/>\n<meta property=\"og:type\" content=\"article\" \/>\n<meta property=\"og:title\" content=\"H\u00e9l\u00e8ne B. Tessier - Nancy Cleman - Simon Rainville - Conf\u00e9rence sur la cybers\u00e9curit\u00e9 - Lapointe Rosenstein Marchand Melan\u00e7on\" \/>\n<meta property=\"og:description\" content=\"CONF\u00c9RENCE SUR LA CYBERS\u00c9CURIT\u00c9 Les cyberattaques perp\u00e9tr\u00e9es contre les entreprises et leurs dirigeants sont de plus en plus fr\u00e9quentes et peu d\u2019entreprises au Qu\u00e9bec ont pris des mesures pour se prot\u00e9ger contre cette menace grandissante. Afin de sensibiliser sa client\u00e8le et l\u2019aider \u00e0 bien comprendre les vuln\u00e9rabilit\u00e9s et les risques, LRMM a tenu, le 26\u00a0septembre [&hellip;]\" \/>\n<meta property=\"og:url\" content=\"https:\/\/www.lrmm.com\/fr\/actualite-s\/confe-rences\/2018\/helene-b-tessier-nancy-cleman-simon-rainville-conference-sur-la-cybersecurite\/\" \/>\n<meta property=\"og:site_name\" content=\"Lapointe Rosenstein Marchand Melan\u00e7on\" \/>\n<meta property=\"article:published_time\" content=\"2018-09-26T04:00:00+00:00\" \/>\n<meta property=\"article:modified_time\" content=\"2022-03-10T05:53:13+00:00\" \/>\n<meta name=\"author\" content=\"mlbwdev\" \/>\n<meta name=\"twitter:card\" content=\"summary_large_image\" \/>\n<meta name=\"twitter:label1\" content=\"\u00c9crit par\" \/>\n\t<meta name=\"twitter:data1\" content=\"mlbwdev\" \/>\n\t<meta name=\"twitter:label2\" content=\"Estimation du temps de lecture\" \/>\n\t<meta name=\"twitter:data2\" content=\"1 minute\" \/>\n<script type=\"application\/ld+json\" class=\"yoast-schema-graph\">{\"@context\":\"https:\/\/schema.org\",\"@graph\":[{\"@type\":\"Article\",\"@id\":\"https:\/\/www.lrmm.com\/fr\/actualite-s\/confe-rences\/2018\/helene-b-tessier-nancy-cleman-simon-rainville-conference-sur-la-cybersecurite\/#article\",\"isPartOf\":{\"@id\":\"https:\/\/www.lrmm.com\/fr\/actualite-s\/confe-rences\/2018\/helene-b-tessier-nancy-cleman-simon-rainville-conference-sur-la-cybersecurite\/\"},\"author\":{\"name\":\"mlbwdev\",\"@id\":\"https:\/\/www.lrmm.com\/fr\/#\/schema\/person\/a494b773bde4003555adf65ea3a908b2\"},\"headline\":\"H\u00e9l\u00e8ne B. Tessier &#8211; Nancy Cleman &#8211; Simon Rainville &#8211; Conf\u00e9rence sur la cybers\u00e9curit\u00e9\",\"datePublished\":\"2018-09-26T04:00:00+00:00\",\"dateModified\":\"2022-03-10T05:53:13+00:00\",\"mainEntityOfPage\":{\"@id\":\"https:\/\/www.lrmm.com\/fr\/actualite-s\/confe-rences\/2018\/helene-b-tessier-nancy-cleman-simon-rainville-conference-sur-la-cybersecurite\/\"},\"wordCount\":236,\"commentCount\":0,\"articleSection\":[\"2018\",\"Actualit\u00e9s\",\"Conf\u00e9rences\"],\"inLanguage\":\"fr-CA\",\"potentialAction\":[{\"@type\":\"CommentAction\",\"name\":\"Comment\",\"target\":[\"https:\/\/www.lrmm.com\/fr\/actualite-s\/confe-rences\/2018\/helene-b-tessier-nancy-cleman-simon-rainville-conference-sur-la-cybersecurite\/#respond\"]}]},{\"@type\":\"WebPage\",\"@id\":\"https:\/\/www.lrmm.com\/fr\/actualite-s\/confe-rences\/2018\/helene-b-tessier-nancy-cleman-simon-rainville-conference-sur-la-cybersecurite\/\",\"url\":\"https:\/\/www.lrmm.com\/fr\/actualite-s\/confe-rences\/2018\/helene-b-tessier-nancy-cleman-simon-rainville-conference-sur-la-cybersecurite\/\",\"name\":\"H\u00e9l\u00e8ne B. Tessier - Nancy Cleman - Simon Rainville - Conf\u00e9rence sur la cybers\u00e9curit\u00e9 - Lapointe Rosenstein Marchand Melan\u00e7on\",\"isPartOf\":{\"@id\":\"https:\/\/www.lrmm.com\/fr\/#website\"},\"datePublished\":\"2018-09-26T04:00:00+00:00\",\"dateModified\":\"2022-03-10T05:53:13+00:00\",\"author\":{\"@id\":\"https:\/\/www.lrmm.com\/fr\/#\/schema\/person\/a494b773bde4003555adf65ea3a908b2\"},\"breadcrumb\":{\"@id\":\"https:\/\/www.lrmm.com\/fr\/actualite-s\/confe-rences\/2018\/helene-b-tessier-nancy-cleman-simon-rainville-conference-sur-la-cybersecurite\/#breadcrumb\"},\"inLanguage\":\"fr-CA\",\"potentialAction\":[{\"@type\":\"ReadAction\",\"target\":[\"https:\/\/www.lrmm.com\/fr\/actualite-s\/confe-rences\/2018\/helene-b-tessier-nancy-cleman-simon-rainville-conference-sur-la-cybersecurite\/\"]}]},{\"@type\":\"BreadcrumbList\",\"@id\":\"https:\/\/www.lrmm.com\/fr\/actualite-s\/confe-rences\/2018\/helene-b-tessier-nancy-cleman-simon-rainville-conference-sur-la-cybersecurite\/#breadcrumb\",\"itemListElement\":[{\"@type\":\"ListItem\",\"position\":1,\"name\":\"Accueil\",\"item\":\"https:\/\/www.lrmm.com\/fr\/\"},{\"@type\":\"ListItem\",\"position\":2,\"name\":\"H\u00e9l\u00e8ne B. Tessier &#8211; Nancy Cleman &#8211; Simon Rainville &#8211; Conf\u00e9rence sur la cybers\u00e9curit\u00e9\"}]},{\"@type\":\"WebSite\",\"@id\":\"https:\/\/www.lrmm.com\/fr\/#website\",\"url\":\"https:\/\/www.lrmm.com\/fr\/\",\"name\":\"Lapointe Rosenstein Marchand Melan\u00e7on\",\"description\":\"\",\"potentialAction\":[{\"@type\":\"SearchAction\",\"target\":{\"@type\":\"EntryPoint\",\"urlTemplate\":\"https:\/\/www.lrmm.com\/fr\/?s={search_term_string}\"},\"query-input\":{\"@type\":\"PropertyValueSpecification\",\"valueRequired\":true,\"valueName\":\"search_term_string\"}}],\"inLanguage\":\"fr-CA\"},{\"@type\":\"Person\",\"@id\":\"https:\/\/www.lrmm.com\/fr\/#\/schema\/person\/a494b773bde4003555adf65ea3a908b2\",\"name\":\"mlbwdev\",\"image\":{\"@type\":\"ImageObject\",\"inLanguage\":\"fr-CA\",\"@id\":\"https:\/\/www.lrmm.com\/fr\/#\/schema\/person\/image\/\",\"url\":\"https:\/\/secure.gravatar.com\/avatar\/8ac5052f5b8214925aa49a0e82e9cfb1105700e37a07755ea489abcaad17c9d9?s=96&d=mm&r=g\",\"contentUrl\":\"https:\/\/secure.gravatar.com\/avatar\/8ac5052f5b8214925aa49a0e82e9cfb1105700e37a07755ea489abcaad17c9d9?s=96&d=mm&r=g\",\"caption\":\"mlbwdev\"}}]}<\/script>\n<!-- \/ Yoast SEO plugin. -->","yoast_head_json":{"title":"H\u00e9l\u00e8ne B. Tessier - Nancy Cleman - Simon Rainville - Conf\u00e9rence sur la cybers\u00e9curit\u00e9 - Lapointe Rosenstein Marchand Melan\u00e7on","robots":{"index":"index","follow":"follow","max-snippet":"max-snippet:-1","max-image-preview":"max-image-preview:large","max-video-preview":"max-video-preview:-1"},"canonical":"https:\/\/www.lrmm.com\/fr\/actualite-s\/confe-rences\/2018\/helene-b-tessier-nancy-cleman-simon-rainville-conference-sur-la-cybersecurite\/","og_locale":"fr_CA","og_type":"article","og_title":"H\u00e9l\u00e8ne B. Tessier - Nancy Cleman - Simon Rainville - Conf\u00e9rence sur la cybers\u00e9curit\u00e9 - Lapointe Rosenstein Marchand Melan\u00e7on","og_description":"CONF\u00c9RENCE SUR LA CYBERS\u00c9CURIT\u00c9 Les cyberattaques perp\u00e9tr\u00e9es contre les entreprises et leurs dirigeants sont de plus en plus fr\u00e9quentes et peu d\u2019entreprises au Qu\u00e9bec ont pris des mesures pour se prot\u00e9ger contre cette menace grandissante. Afin de sensibiliser sa client\u00e8le et l\u2019aider \u00e0 bien comprendre les vuln\u00e9rabilit\u00e9s et les risques, LRMM a tenu, le 26\u00a0septembre [&hellip;]","og_url":"https:\/\/www.lrmm.com\/fr\/actualite-s\/confe-rences\/2018\/helene-b-tessier-nancy-cleman-simon-rainville-conference-sur-la-cybersecurite\/","og_site_name":"Lapointe Rosenstein Marchand Melan\u00e7on","article_published_time":"2018-09-26T04:00:00+00:00","article_modified_time":"2022-03-10T05:53:13+00:00","author":"mlbwdev","twitter_card":"summary_large_image","twitter_misc":{"\u00c9crit par":"mlbwdev","Estimation du temps de lecture":"1 minute"},"schema":{"@context":"https:\/\/schema.org","@graph":[{"@type":"Article","@id":"https:\/\/www.lrmm.com\/fr\/actualite-s\/confe-rences\/2018\/helene-b-tessier-nancy-cleman-simon-rainville-conference-sur-la-cybersecurite\/#article","isPartOf":{"@id":"https:\/\/www.lrmm.com\/fr\/actualite-s\/confe-rences\/2018\/helene-b-tessier-nancy-cleman-simon-rainville-conference-sur-la-cybersecurite\/"},"author":{"name":"mlbwdev","@id":"https:\/\/www.lrmm.com\/fr\/#\/schema\/person\/a494b773bde4003555adf65ea3a908b2"},"headline":"H\u00e9l\u00e8ne B. Tessier &#8211; Nancy Cleman &#8211; Simon Rainville &#8211; Conf\u00e9rence sur la cybers\u00e9curit\u00e9","datePublished":"2018-09-26T04:00:00+00:00","dateModified":"2022-03-10T05:53:13+00:00","mainEntityOfPage":{"@id":"https:\/\/www.lrmm.com\/fr\/actualite-s\/confe-rences\/2018\/helene-b-tessier-nancy-cleman-simon-rainville-conference-sur-la-cybersecurite\/"},"wordCount":236,"commentCount":0,"articleSection":["2018","Actualit\u00e9s","Conf\u00e9rences"],"inLanguage":"fr-CA","potentialAction":[{"@type":"CommentAction","name":"Comment","target":["https:\/\/www.lrmm.com\/fr\/actualite-s\/confe-rences\/2018\/helene-b-tessier-nancy-cleman-simon-rainville-conference-sur-la-cybersecurite\/#respond"]}]},{"@type":"WebPage","@id":"https:\/\/www.lrmm.com\/fr\/actualite-s\/confe-rences\/2018\/helene-b-tessier-nancy-cleman-simon-rainville-conference-sur-la-cybersecurite\/","url":"https:\/\/www.lrmm.com\/fr\/actualite-s\/confe-rences\/2018\/helene-b-tessier-nancy-cleman-simon-rainville-conference-sur-la-cybersecurite\/","name":"H\u00e9l\u00e8ne B. Tessier - Nancy Cleman - Simon Rainville - Conf\u00e9rence sur la cybers\u00e9curit\u00e9 - Lapointe Rosenstein Marchand Melan\u00e7on","isPartOf":{"@id":"https:\/\/www.lrmm.com\/fr\/#website"},"datePublished":"2018-09-26T04:00:00+00:00","dateModified":"2022-03-10T05:53:13+00:00","author":{"@id":"https:\/\/www.lrmm.com\/fr\/#\/schema\/person\/a494b773bde4003555adf65ea3a908b2"},"breadcrumb":{"@id":"https:\/\/www.lrmm.com\/fr\/actualite-s\/confe-rences\/2018\/helene-b-tessier-nancy-cleman-simon-rainville-conference-sur-la-cybersecurite\/#breadcrumb"},"inLanguage":"fr-CA","potentialAction":[{"@type":"ReadAction","target":["https:\/\/www.lrmm.com\/fr\/actualite-s\/confe-rences\/2018\/helene-b-tessier-nancy-cleman-simon-rainville-conference-sur-la-cybersecurite\/"]}]},{"@type":"BreadcrumbList","@id":"https:\/\/www.lrmm.com\/fr\/actualite-s\/confe-rences\/2018\/helene-b-tessier-nancy-cleman-simon-rainville-conference-sur-la-cybersecurite\/#breadcrumb","itemListElement":[{"@type":"ListItem","position":1,"name":"Accueil","item":"https:\/\/www.lrmm.com\/fr\/"},{"@type":"ListItem","position":2,"name":"H\u00e9l\u00e8ne B. Tessier &#8211; Nancy Cleman &#8211; Simon Rainville &#8211; Conf\u00e9rence sur la cybers\u00e9curit\u00e9"}]},{"@type":"WebSite","@id":"https:\/\/www.lrmm.com\/fr\/#website","url":"https:\/\/www.lrmm.com\/fr\/","name":"Lapointe Rosenstein Marchand Melan\u00e7on","description":"","potentialAction":[{"@type":"SearchAction","target":{"@type":"EntryPoint","urlTemplate":"https:\/\/www.lrmm.com\/fr\/?s={search_term_string}"},"query-input":{"@type":"PropertyValueSpecification","valueRequired":true,"valueName":"search_term_string"}}],"inLanguage":"fr-CA"},{"@type":"Person","@id":"https:\/\/www.lrmm.com\/fr\/#\/schema\/person\/a494b773bde4003555adf65ea3a908b2","name":"mlbwdev","image":{"@type":"ImageObject","inLanguage":"fr-CA","@id":"https:\/\/www.lrmm.com\/fr\/#\/schema\/person\/image\/","url":"https:\/\/secure.gravatar.com\/avatar\/8ac5052f5b8214925aa49a0e82e9cfb1105700e37a07755ea489abcaad17c9d9?s=96&d=mm&r=g","contentUrl":"https:\/\/secure.gravatar.com\/avatar\/8ac5052f5b8214925aa49a0e82e9cfb1105700e37a07755ea489abcaad17c9d9?s=96&d=mm&r=g","caption":"mlbwdev"}}]}},"_links":{"self":[{"href":"https:\/\/www.lrmm.com\/fr\/wp-json\/wp\/v2\/posts\/846","targetHints":{"allow":["GET"]}}],"collection":[{"href":"https:\/\/www.lrmm.com\/fr\/wp-json\/wp\/v2\/posts"}],"about":[{"href":"https:\/\/www.lrmm.com\/fr\/wp-json\/wp\/v2\/types\/post"}],"author":[{"embeddable":true,"href":"https:\/\/www.lrmm.com\/fr\/wp-json\/wp\/v2\/users\/1"}],"replies":[{"embeddable":true,"href":"https:\/\/www.lrmm.com\/fr\/wp-json\/wp\/v2\/comments?post=846"}],"version-history":[{"count":0,"href":"https:\/\/www.lrmm.com\/fr\/wp-json\/wp\/v2\/posts\/846\/revisions"}],"wp:attachment":[{"href":"https:\/\/www.lrmm.com\/fr\/wp-json\/wp\/v2\/media?parent=846"}],"wp:term":[{"taxonomy":"category","embeddable":true,"href":"https:\/\/www.lrmm.com\/fr\/wp-json\/wp\/v2\/categories?post=846"},{"taxonomy":"post_tag","embeddable":true,"href":"https:\/\/www.lrmm.com\/fr\/wp-json\/wp\/v2\/tags?post=846"}],"curies":[{"name":"wp","href":"https:\/\/api.w.org\/{rel}","templated":true}]}}