{"id":837,"date":"2015-10-02T00:00:00","date_gmt":"2015-10-02T04:00:00","guid":{"rendered":"https:\/\/www.lrmm.com\/louis-p-brien-colloque-sur-les-developpements-recents-en-droit-des-assurances\/"},"modified":"2022-03-10T00:57:10","modified_gmt":"2022-03-10T05:57:10","slug":"louis-p-brien-colloque-sur-les-developpements-recents-en-droit-des-assurances","status":"publish","type":"post","link":"https:\/\/www.lrmm.com\/fr\/actualite-s\/confe-rences\/2015\/louis-p-brien-colloque-sur-les-developpements-recents-en-droit-des-assurances\/","title":{"rendered":"Louis P. Brien &#8211; Colloque sur les d\u00e9veloppements r\u00e9cents en droit des assurances"},"content":{"rendered":"<p> <a href=\"\/fr-CA\/e-quipe\/avocats\/avocat-brien-louis\" target=\"_blank\" rel=\"noopener\">Louis P. Brien<\/a>\u00a0sera conf\u00e9rencier dans le cadre de l\u2019\u00e9dition 2015 du colloque portant sur les d\u00e9veloppements r\u00e9cents en droit des assurances.<\/p>\n<p>Cette conf\u00e9rence, intitul\u00e9e \u00ab L\u2019incendiat : tenants et aboutissants \u00bb, se veut un tour d\u2019horizon complet d\u2019un sujet qui n\u2019a jamais \u00e9t\u00e9 abord\u00e9 sp\u00e9cifiquement dans un seul texte, bien qu\u2019il ait fait couler beaucoup d\u2019encre dans la jurisprudence.<\/p>\n<p>L\u2019incendiat ou tout autre acte par lequel un assur\u00e9, lui-m\u00eame ou par l\u2019entremise d\u2019une autre personne, occasionne d\u00e9lib\u00e9r\u00e9ment la perte d\u2019un bien assur\u00e9, a toujours occup\u00e9 et continuera d\u2019occuper les avocats pratiquants en droit des assurances. Louis offrira un guide pratique portant sur les \u00e9l\u00e9ments d\u2019enqu\u00eate ainsi que les mobiles consid\u00e9r\u00e9s par les tribunaux dans le cadre d\u2019un dossier d\u2019incendiat. Cette conf\u00e9rence se veut un regard sur les d\u00e9cisions rendues en la mati\u00e8re, qui permet de voir comment nos tribunaux \u00e9valuent ces \u00e9l\u00e9ments de preuve et leur accordent foi. Ce tour d\u2019horizon complet permettra, entre autres, de voir comment nos tribunaux appr\u00e9cient l\u2019incidence d\u2019un jugement rendu en mati\u00e8re criminelle contre un assur\u00e9, les r\u00e9sultats d\u2019un test polygraphique, l\u2019imputation d\u2019une faute intentionnelle \u00e0 une personne morale et l\u2019octroi de dommages-int\u00e9r\u00eats ou de dommages punitifs lorsque l\u2019assureur essuie un \u00e9chec.<\/p>\n<p>Cette pr\u00e9sentation, qui aura lieu le 2 octobre prochain au Palais des congr\u00e8s de Montr\u00e9al (salle 510 A), est organis\u00e9e par le <a href=\"http:\/\/www.barreau.qc.ca\/formation\/event.jsp?noActiv=2235&amp;noEv=6474&amp;namePage=event.jsp&amp;Langue=\" target=\"_blank\" rel=\"noopener\">Barreau du Qu\u00e9bec<\/a> et s\u2019adresse principalement aux avocats travaillant dans le domaine des assurances.<\/p>\n","protected":false},"excerpt":{"rendered":"<p>Louis P. Brien\u00a0sera conf\u00e9rencier dans le cadre de l\u2019\u00e9dition 2015 du colloque portant sur les d\u00e9veloppements r\u00e9cents en droit des assurances. Cette conf\u00e9rence, intitul\u00e9e \u00ab L\u2019incendiat : tenants et aboutissants \u00bb, se veut un tour d\u2019horizon complet d\u2019un sujet qui n\u2019a jamais \u00e9t\u00e9 abord\u00e9 sp\u00e9cifiquement dans un seul texte, bien qu\u2019il ait fait couler beaucoup [&hellip;]<\/p>\n","protected":false},"author":1,"featured_media":0,"comment_status":"open","ping_status":"open","sticky":false,"template":"","format":"standard","meta":{"_acf_changed":false,"footnotes":""},"categories":[37,27,28],"tags":[],"class_list":["post-837","post","type-post","status-publish","format-standard","hentry","category-37","category-actualite-s","category-confe-rences"],"acf":[],"yoast_head":"<!-- This site is optimized with the Yoast SEO plugin v26.9 - https:\/\/yoast.com\/product\/yoast-seo-wordpress\/ -->\n<title>Louis P. Brien - Colloque sur les d\u00e9veloppements r\u00e9cents en droit des assurances - Lapointe Rosenstein Marchand Melan\u00e7on<\/title>\n<meta name=\"robots\" content=\"index, follow, max-snippet:-1, max-image-preview:large, max-video-preview:-1\" \/>\n<link rel=\"canonical\" href=\"https:\/\/www.lrmm.com\/fr\/actualite-s\/confe-rences\/2015\/louis-p-brien-colloque-sur-les-developpements-recents-en-droit-des-assurances\/\" \/>\n<meta property=\"og:locale\" content=\"fr_CA\" \/>\n<meta property=\"og:type\" content=\"article\" \/>\n<meta property=\"og:title\" content=\"Louis P. Brien - Colloque sur les d\u00e9veloppements r\u00e9cents en droit des assurances - Lapointe Rosenstein Marchand Melan\u00e7on\" \/>\n<meta property=\"og:description\" content=\"Louis P. Brien\u00a0sera conf\u00e9rencier dans le cadre de l\u2019\u00e9dition 2015 du colloque portant sur les d\u00e9veloppements r\u00e9cents en droit des assurances. Cette conf\u00e9rence, intitul\u00e9e \u00ab L\u2019incendiat : tenants et aboutissants \u00bb, se veut un tour d\u2019horizon complet d\u2019un sujet qui n\u2019a jamais \u00e9t\u00e9 abord\u00e9 sp\u00e9cifiquement dans un seul texte, bien qu\u2019il ait fait couler beaucoup [&hellip;]\" \/>\n<meta property=\"og:url\" content=\"https:\/\/www.lrmm.com\/fr\/actualite-s\/confe-rences\/2015\/louis-p-brien-colloque-sur-les-developpements-recents-en-droit-des-assurances\/\" \/>\n<meta property=\"og:site_name\" content=\"Lapointe Rosenstein Marchand Melan\u00e7on\" \/>\n<meta property=\"article:published_time\" content=\"2015-10-02T04:00:00+00:00\" \/>\n<meta property=\"article:modified_time\" content=\"2022-03-10T05:57:10+00:00\" \/>\n<meta name=\"author\" content=\"mlbwdev\" \/>\n<meta name=\"twitter:card\" content=\"summary_large_image\" \/>\n<meta name=\"twitter:label1\" content=\"\u00c9crit par\" \/>\n\t<meta name=\"twitter:data1\" content=\"mlbwdev\" \/>\n\t<meta name=\"twitter:label2\" content=\"Estimation du temps de lecture\" \/>\n\t<meta name=\"twitter:data2\" content=\"1 minute\" \/>\n<script type=\"application\/ld+json\" class=\"yoast-schema-graph\">{\"@context\":\"https:\/\/schema.org\",\"@graph\":[{\"@type\":\"Article\",\"@id\":\"https:\/\/www.lrmm.com\/fr\/actualite-s\/confe-rences\/2015\/louis-p-brien-colloque-sur-les-developpements-recents-en-droit-des-assurances\/#article\",\"isPartOf\":{\"@id\":\"https:\/\/www.lrmm.com\/fr\/actualite-s\/confe-rences\/2015\/louis-p-brien-colloque-sur-les-developpements-recents-en-droit-des-assurances\/\"},\"author\":{\"name\":\"mlbwdev\",\"@id\":\"https:\/\/www.lrmm.com\/fr\/#\/schema\/person\/a494b773bde4003555adf65ea3a908b2\"},\"headline\":\"Louis P. Brien &#8211; Colloque sur les d\u00e9veloppements r\u00e9cents en droit des assurances\",\"datePublished\":\"2015-10-02T04:00:00+00:00\",\"dateModified\":\"2022-03-10T05:57:10+00:00\",\"mainEntityOfPage\":{\"@id\":\"https:\/\/www.lrmm.com\/fr\/actualite-s\/confe-rences\/2015\/louis-p-brien-colloque-sur-les-developpements-recents-en-droit-des-assurances\/\"},\"wordCount\":294,\"commentCount\":0,\"articleSection\":[\"2015\",\"Actualit\u00e9s\",\"Conf\u00e9rences\"],\"inLanguage\":\"fr-CA\",\"potentialAction\":[{\"@type\":\"CommentAction\",\"name\":\"Comment\",\"target\":[\"https:\/\/www.lrmm.com\/fr\/actualite-s\/confe-rences\/2015\/louis-p-brien-colloque-sur-les-developpements-recents-en-droit-des-assurances\/#respond\"]}]},{\"@type\":\"WebPage\",\"@id\":\"https:\/\/www.lrmm.com\/fr\/actualite-s\/confe-rences\/2015\/louis-p-brien-colloque-sur-les-developpements-recents-en-droit-des-assurances\/\",\"url\":\"https:\/\/www.lrmm.com\/fr\/actualite-s\/confe-rences\/2015\/louis-p-brien-colloque-sur-les-developpements-recents-en-droit-des-assurances\/\",\"name\":\"Louis P. Brien - Colloque sur les d\u00e9veloppements r\u00e9cents en droit des assurances - Lapointe Rosenstein Marchand Melan\u00e7on\",\"isPartOf\":{\"@id\":\"https:\/\/www.lrmm.com\/fr\/#website\"},\"datePublished\":\"2015-10-02T04:00:00+00:00\",\"dateModified\":\"2022-03-10T05:57:10+00:00\",\"author\":{\"@id\":\"https:\/\/www.lrmm.com\/fr\/#\/schema\/person\/a494b773bde4003555adf65ea3a908b2\"},\"breadcrumb\":{\"@id\":\"https:\/\/www.lrmm.com\/fr\/actualite-s\/confe-rences\/2015\/louis-p-brien-colloque-sur-les-developpements-recents-en-droit-des-assurances\/#breadcrumb\"},\"inLanguage\":\"fr-CA\",\"potentialAction\":[{\"@type\":\"ReadAction\",\"target\":[\"https:\/\/www.lrmm.com\/fr\/actualite-s\/confe-rences\/2015\/louis-p-brien-colloque-sur-les-developpements-recents-en-droit-des-assurances\/\"]}]},{\"@type\":\"BreadcrumbList\",\"@id\":\"https:\/\/www.lrmm.com\/fr\/actualite-s\/confe-rences\/2015\/louis-p-brien-colloque-sur-les-developpements-recents-en-droit-des-assurances\/#breadcrumb\",\"itemListElement\":[{\"@type\":\"ListItem\",\"position\":1,\"name\":\"Accueil\",\"item\":\"https:\/\/www.lrmm.com\/fr\/\"},{\"@type\":\"ListItem\",\"position\":2,\"name\":\"Louis P. Brien &#8211; Colloque sur les d\u00e9veloppements r\u00e9cents en droit des assurances\"}]},{\"@type\":\"WebSite\",\"@id\":\"https:\/\/www.lrmm.com\/fr\/#website\",\"url\":\"https:\/\/www.lrmm.com\/fr\/\",\"name\":\"Lapointe Rosenstein Marchand Melan\u00e7on\",\"description\":\"\",\"potentialAction\":[{\"@type\":\"SearchAction\",\"target\":{\"@type\":\"EntryPoint\",\"urlTemplate\":\"https:\/\/www.lrmm.com\/fr\/?s={search_term_string}\"},\"query-input\":{\"@type\":\"PropertyValueSpecification\",\"valueRequired\":true,\"valueName\":\"search_term_string\"}}],\"inLanguage\":\"fr-CA\"},{\"@type\":\"Person\",\"@id\":\"https:\/\/www.lrmm.com\/fr\/#\/schema\/person\/a494b773bde4003555adf65ea3a908b2\",\"name\":\"mlbwdev\",\"image\":{\"@type\":\"ImageObject\",\"inLanguage\":\"fr-CA\",\"@id\":\"https:\/\/www.lrmm.com\/fr\/#\/schema\/person\/image\/\",\"url\":\"https:\/\/secure.gravatar.com\/avatar\/8ac5052f5b8214925aa49a0e82e9cfb1105700e37a07755ea489abcaad17c9d9?s=96&d=mm&r=g\",\"contentUrl\":\"https:\/\/secure.gravatar.com\/avatar\/8ac5052f5b8214925aa49a0e82e9cfb1105700e37a07755ea489abcaad17c9d9?s=96&d=mm&r=g\",\"caption\":\"mlbwdev\"}}]}<\/script>\n<!-- \/ Yoast SEO plugin. -->","yoast_head_json":{"title":"Louis P. Brien - Colloque sur les d\u00e9veloppements r\u00e9cents en droit des assurances - Lapointe Rosenstein Marchand Melan\u00e7on","robots":{"index":"index","follow":"follow","max-snippet":"max-snippet:-1","max-image-preview":"max-image-preview:large","max-video-preview":"max-video-preview:-1"},"canonical":"https:\/\/www.lrmm.com\/fr\/actualite-s\/confe-rences\/2015\/louis-p-brien-colloque-sur-les-developpements-recents-en-droit-des-assurances\/","og_locale":"fr_CA","og_type":"article","og_title":"Louis P. Brien - Colloque sur les d\u00e9veloppements r\u00e9cents en droit des assurances - Lapointe Rosenstein Marchand Melan\u00e7on","og_description":"Louis P. Brien\u00a0sera conf\u00e9rencier dans le cadre de l\u2019\u00e9dition 2015 du colloque portant sur les d\u00e9veloppements r\u00e9cents en droit des assurances. Cette conf\u00e9rence, intitul\u00e9e \u00ab L\u2019incendiat : tenants et aboutissants \u00bb, se veut un tour d\u2019horizon complet d\u2019un sujet qui n\u2019a jamais \u00e9t\u00e9 abord\u00e9 sp\u00e9cifiquement dans un seul texte, bien qu\u2019il ait fait couler beaucoup [&hellip;]","og_url":"https:\/\/www.lrmm.com\/fr\/actualite-s\/confe-rences\/2015\/louis-p-brien-colloque-sur-les-developpements-recents-en-droit-des-assurances\/","og_site_name":"Lapointe Rosenstein Marchand Melan\u00e7on","article_published_time":"2015-10-02T04:00:00+00:00","article_modified_time":"2022-03-10T05:57:10+00:00","author":"mlbwdev","twitter_card":"summary_large_image","twitter_misc":{"\u00c9crit par":"mlbwdev","Estimation du temps de lecture":"1 minute"},"schema":{"@context":"https:\/\/schema.org","@graph":[{"@type":"Article","@id":"https:\/\/www.lrmm.com\/fr\/actualite-s\/confe-rences\/2015\/louis-p-brien-colloque-sur-les-developpements-recents-en-droit-des-assurances\/#article","isPartOf":{"@id":"https:\/\/www.lrmm.com\/fr\/actualite-s\/confe-rences\/2015\/louis-p-brien-colloque-sur-les-developpements-recents-en-droit-des-assurances\/"},"author":{"name":"mlbwdev","@id":"https:\/\/www.lrmm.com\/fr\/#\/schema\/person\/a494b773bde4003555adf65ea3a908b2"},"headline":"Louis P. Brien &#8211; Colloque sur les d\u00e9veloppements r\u00e9cents en droit des assurances","datePublished":"2015-10-02T04:00:00+00:00","dateModified":"2022-03-10T05:57:10+00:00","mainEntityOfPage":{"@id":"https:\/\/www.lrmm.com\/fr\/actualite-s\/confe-rences\/2015\/louis-p-brien-colloque-sur-les-developpements-recents-en-droit-des-assurances\/"},"wordCount":294,"commentCount":0,"articleSection":["2015","Actualit\u00e9s","Conf\u00e9rences"],"inLanguage":"fr-CA","potentialAction":[{"@type":"CommentAction","name":"Comment","target":["https:\/\/www.lrmm.com\/fr\/actualite-s\/confe-rences\/2015\/louis-p-brien-colloque-sur-les-developpements-recents-en-droit-des-assurances\/#respond"]}]},{"@type":"WebPage","@id":"https:\/\/www.lrmm.com\/fr\/actualite-s\/confe-rences\/2015\/louis-p-brien-colloque-sur-les-developpements-recents-en-droit-des-assurances\/","url":"https:\/\/www.lrmm.com\/fr\/actualite-s\/confe-rences\/2015\/louis-p-brien-colloque-sur-les-developpements-recents-en-droit-des-assurances\/","name":"Louis P. Brien - Colloque sur les d\u00e9veloppements r\u00e9cents en droit des assurances - Lapointe Rosenstein Marchand Melan\u00e7on","isPartOf":{"@id":"https:\/\/www.lrmm.com\/fr\/#website"},"datePublished":"2015-10-02T04:00:00+00:00","dateModified":"2022-03-10T05:57:10+00:00","author":{"@id":"https:\/\/www.lrmm.com\/fr\/#\/schema\/person\/a494b773bde4003555adf65ea3a908b2"},"breadcrumb":{"@id":"https:\/\/www.lrmm.com\/fr\/actualite-s\/confe-rences\/2015\/louis-p-brien-colloque-sur-les-developpements-recents-en-droit-des-assurances\/#breadcrumb"},"inLanguage":"fr-CA","potentialAction":[{"@type":"ReadAction","target":["https:\/\/www.lrmm.com\/fr\/actualite-s\/confe-rences\/2015\/louis-p-brien-colloque-sur-les-developpements-recents-en-droit-des-assurances\/"]}]},{"@type":"BreadcrumbList","@id":"https:\/\/www.lrmm.com\/fr\/actualite-s\/confe-rences\/2015\/louis-p-brien-colloque-sur-les-developpements-recents-en-droit-des-assurances\/#breadcrumb","itemListElement":[{"@type":"ListItem","position":1,"name":"Accueil","item":"https:\/\/www.lrmm.com\/fr\/"},{"@type":"ListItem","position":2,"name":"Louis P. Brien &#8211; Colloque sur les d\u00e9veloppements r\u00e9cents en droit des assurances"}]},{"@type":"WebSite","@id":"https:\/\/www.lrmm.com\/fr\/#website","url":"https:\/\/www.lrmm.com\/fr\/","name":"Lapointe Rosenstein Marchand Melan\u00e7on","description":"","potentialAction":[{"@type":"SearchAction","target":{"@type":"EntryPoint","urlTemplate":"https:\/\/www.lrmm.com\/fr\/?s={search_term_string}"},"query-input":{"@type":"PropertyValueSpecification","valueRequired":true,"valueName":"search_term_string"}}],"inLanguage":"fr-CA"},{"@type":"Person","@id":"https:\/\/www.lrmm.com\/fr\/#\/schema\/person\/a494b773bde4003555adf65ea3a908b2","name":"mlbwdev","image":{"@type":"ImageObject","inLanguage":"fr-CA","@id":"https:\/\/www.lrmm.com\/fr\/#\/schema\/person\/image\/","url":"https:\/\/secure.gravatar.com\/avatar\/8ac5052f5b8214925aa49a0e82e9cfb1105700e37a07755ea489abcaad17c9d9?s=96&d=mm&r=g","contentUrl":"https:\/\/secure.gravatar.com\/avatar\/8ac5052f5b8214925aa49a0e82e9cfb1105700e37a07755ea489abcaad17c9d9?s=96&d=mm&r=g","caption":"mlbwdev"}}]}},"_links":{"self":[{"href":"https:\/\/www.lrmm.com\/fr\/wp-json\/wp\/v2\/posts\/837","targetHints":{"allow":["GET"]}}],"collection":[{"href":"https:\/\/www.lrmm.com\/fr\/wp-json\/wp\/v2\/posts"}],"about":[{"href":"https:\/\/www.lrmm.com\/fr\/wp-json\/wp\/v2\/types\/post"}],"author":[{"embeddable":true,"href":"https:\/\/www.lrmm.com\/fr\/wp-json\/wp\/v2\/users\/1"}],"replies":[{"embeddable":true,"href":"https:\/\/www.lrmm.com\/fr\/wp-json\/wp\/v2\/comments?post=837"}],"version-history":[{"count":0,"href":"https:\/\/www.lrmm.com\/fr\/wp-json\/wp\/v2\/posts\/837\/revisions"}],"wp:attachment":[{"href":"https:\/\/www.lrmm.com\/fr\/wp-json\/wp\/v2\/media?parent=837"}],"wp:term":[{"taxonomy":"category","embeddable":true,"href":"https:\/\/www.lrmm.com\/fr\/wp-json\/wp\/v2\/categories?post=837"},{"taxonomy":"post_tag","embeddable":true,"href":"https:\/\/www.lrmm.com\/fr\/wp-json\/wp\/v2\/tags?post=837"}],"curies":[{"name":"wp","href":"https:\/\/api.w.org\/{rel}","templated":true}]}}