{"id":826,"date":"2012-06-13T00:00:00","date_gmt":"2022-03-10T02:39:58","guid":{"rendered":"https:\/\/www.lrmm.com\/conference-medias-sociaux\/"},"modified":"2022-03-10T00:21:57","modified_gmt":"2022-03-10T05:21:57","slug":"conference-medias-sociaux","status":"publish","type":"post","link":"https:\/\/www.lrmm.com\/fr\/actualite-s\/confe-rences\/2012\/conference-medias-sociaux\/","title":{"rendered":"Conf\u00e9rence m\u00e9dias sociaux"},"content":{"rendered":"<p><strong><br \/> <\/strong>Les m\u00e9dias sociaux sont devenus incontournables pour les entreprises, mais il faut savoir par o\u00f9 commencer et comment les utiliser. Voil\u00e0 le th\u00e8me qui a \u00e9t\u00e9 abord\u00e9 dans une conf\u00e9rence-cocktail organis\u00e9e par les groupes de pratique litige et droit du travail, \u00e0 l\u2019intention de notre client\u00e8le, le 13 juin dernier.<\/p>\n<p>Pour l\u2019occasion, Diane B\u00e9rard, blogueuse reconnue et chroniqueure au journal <em>Les Affaires<\/em>, a entretenu l\u2019auditoire sur cette nouvelle fa\u00e7on, pour les entreprises, de communiquer, de partager, d\u2019\u00e9changer et de d\u00e9velopper leur marque.<\/p>\n<p><a target=\"_blank\" href=\"\/fr-CA\/%C3%89quipe\/Avocats\/Avocate+Tessier+H%C3%A9l%C3%A8ne\" rel=\"noopener\">H\u00e9l\u00e8ne B. Tessier<\/a>, associ\u00e9e et chef du groupe litige, a pr\u00e9par\u00e9 une liste des r\u00e8gles les plus importantes \u00e0 suivre en mati\u00e8re de m\u00e9dias sociaux. Celle-ci a \u00e9t\u00e9 remise aux participants.<\/p>\n<p><a target=\"_blank\" href=\"\/fr-CA\/%C3%89quipe\/Avocats\/Avocate+Melchiorre+Antonietta\" rel=\"noopener\">Antonietta Melchiorre<\/a>, associ\u00e9e et chef du groupe litige, a pris la parole et a expliqu\u00e9 l\u2019importance de cr\u00e9er une politique sur les m\u00e9dias sociaux en tenant compte des valeurs de l\u2019entreprise.<\/p>\n<p>Par la suite, <a target=\"_blank\" href=\"\/fr-CA\/%C3%89quipe\/Avocats\/Avocat+Caron+Jacquelin\" rel=\"noopener\">Jacquelin Caron<\/a>, associ\u00e9 du cabinet, a pr\u00e9sent\u00e9 une capsule juridique intitul\u00e9e \u00ab L\u2019utilisation des m\u00e9dias sociaux affecte-t-elle votre expectative de vie priv\u00e9e? \u00bb.<\/p>\n<p>Les pr\u00e9sentations ont \u00e9t\u00e9 suivies par un cocktail au cours duquel les conf\u00e9renciers ont r\u00e9pondu aux questions des participants.<\/p>\n","protected":false},"excerpt":{"rendered":"<p>Les m\u00e9dias sociaux sont devenus incontournables pour les entreprises, mais il faut savoir par o\u00f9 commencer et comment les utiliser. Voil\u00e0 le th\u00e8me qui a \u00e9t\u00e9 abord\u00e9 dans une conf\u00e9rence-cocktail organis\u00e9e par les groupes de pratique litige et droit du travail, \u00e0 l\u2019intention de notre client\u00e8le, le 13 juin dernier. Pour l\u2019occasion, Diane B\u00e9rard, blogueuse [&hellip;]<\/p>\n","protected":false},"author":1,"featured_media":0,"comment_status":"open","ping_status":"open","sticky":false,"template":"","format":"standard","meta":{"_acf_changed":false,"footnotes":""},"categories":[34,27,28],"tags":[],"class_list":["post-826","post","type-post","status-publish","format-standard","hentry","category-34","category-actualite-s","category-confe-rences"],"acf":[],"yoast_head":"<!-- This site is optimized with the Yoast SEO plugin v26.9 - https:\/\/yoast.com\/product\/yoast-seo-wordpress\/ -->\n<title>Conf\u00e9rence m\u00e9dias sociaux - Lapointe Rosenstein Marchand Melan\u00e7on<\/title>\n<meta name=\"robots\" content=\"index, follow, max-snippet:-1, max-image-preview:large, max-video-preview:-1\" \/>\n<link rel=\"canonical\" href=\"https:\/\/www.lrmm.com\/fr\/actualite-s\/confe-rences\/2012\/conference-medias-sociaux\/\" \/>\n<meta property=\"og:locale\" content=\"fr_CA\" \/>\n<meta property=\"og:type\" content=\"article\" \/>\n<meta property=\"og:title\" content=\"Conf\u00e9rence m\u00e9dias sociaux - Lapointe Rosenstein Marchand Melan\u00e7on\" \/>\n<meta property=\"og:description\" content=\"Les m\u00e9dias sociaux sont devenus incontournables pour les entreprises, mais il faut savoir par o\u00f9 commencer et comment les utiliser. Voil\u00e0 le th\u00e8me qui a \u00e9t\u00e9 abord\u00e9 dans une conf\u00e9rence-cocktail organis\u00e9e par les groupes de pratique litige et droit du travail, \u00e0 l\u2019intention de notre client\u00e8le, le 13 juin dernier. Pour l\u2019occasion, Diane B\u00e9rard, blogueuse [&hellip;]\" \/>\n<meta property=\"og:url\" content=\"https:\/\/www.lrmm.com\/fr\/actualite-s\/confe-rences\/2012\/conference-medias-sociaux\/\" \/>\n<meta property=\"og:site_name\" content=\"Lapointe Rosenstein Marchand Melan\u00e7on\" \/>\n<meta property=\"article:published_time\" content=\"2022-03-10T02:39:58+00:00\" \/>\n<meta property=\"article:modified_time\" content=\"2022-03-10T05:21:57+00:00\" \/>\n<meta name=\"author\" content=\"mlbwdev\" \/>\n<meta name=\"twitter:card\" content=\"summary_large_image\" \/>\n<meta name=\"twitter:label1\" content=\"\u00c9crit par\" \/>\n\t<meta name=\"twitter:data1\" content=\"mlbwdev\" \/>\n\t<meta name=\"twitter:label2\" content=\"Estimation du temps de lecture\" \/>\n\t<meta name=\"twitter:data2\" content=\"1 minute\" \/>\n<script type=\"application\/ld+json\" class=\"yoast-schema-graph\">{\"@context\":\"https:\/\/schema.org\",\"@graph\":[{\"@type\":\"Article\",\"@id\":\"https:\/\/www.lrmm.com\/fr\/actualite-s\/confe-rences\/2012\/conference-medias-sociaux\/#article\",\"isPartOf\":{\"@id\":\"https:\/\/www.lrmm.com\/fr\/actualite-s\/confe-rences\/2012\/conference-medias-sociaux\/\"},\"author\":{\"name\":\"mlbwdev\",\"@id\":\"https:\/\/www.lrmm.com\/fr\/#\/schema\/person\/a494b773bde4003555adf65ea3a908b2\"},\"headline\":\"Conf\u00e9rence m\u00e9dias sociaux\",\"datePublished\":\"2022-03-10T02:39:58+00:00\",\"dateModified\":\"2022-03-10T05:21:57+00:00\",\"mainEntityOfPage\":{\"@id\":\"https:\/\/www.lrmm.com\/fr\/actualite-s\/confe-rences\/2012\/conference-medias-sociaux\/\"},\"wordCount\":221,\"commentCount\":0,\"articleSection\":[\"2012\",\"Actualit\u00e9s\",\"Conf\u00e9rences\"],\"inLanguage\":\"fr-CA\",\"potentialAction\":[{\"@type\":\"CommentAction\",\"name\":\"Comment\",\"target\":[\"https:\/\/www.lrmm.com\/fr\/actualite-s\/confe-rences\/2012\/conference-medias-sociaux\/#respond\"]}]},{\"@type\":\"WebPage\",\"@id\":\"https:\/\/www.lrmm.com\/fr\/actualite-s\/confe-rences\/2012\/conference-medias-sociaux\/\",\"url\":\"https:\/\/www.lrmm.com\/fr\/actualite-s\/confe-rences\/2012\/conference-medias-sociaux\/\",\"name\":\"Conf\u00e9rence m\u00e9dias sociaux - Lapointe Rosenstein Marchand Melan\u00e7on\",\"isPartOf\":{\"@id\":\"https:\/\/www.lrmm.com\/fr\/#website\"},\"datePublished\":\"2022-03-10T02:39:58+00:00\",\"dateModified\":\"2022-03-10T05:21:57+00:00\",\"author\":{\"@id\":\"https:\/\/www.lrmm.com\/fr\/#\/schema\/person\/a494b773bde4003555adf65ea3a908b2\"},\"breadcrumb\":{\"@id\":\"https:\/\/www.lrmm.com\/fr\/actualite-s\/confe-rences\/2012\/conference-medias-sociaux\/#breadcrumb\"},\"inLanguage\":\"fr-CA\",\"potentialAction\":[{\"@type\":\"ReadAction\",\"target\":[\"https:\/\/www.lrmm.com\/fr\/actualite-s\/confe-rences\/2012\/conference-medias-sociaux\/\"]}]},{\"@type\":\"BreadcrumbList\",\"@id\":\"https:\/\/www.lrmm.com\/fr\/actualite-s\/confe-rences\/2012\/conference-medias-sociaux\/#breadcrumb\",\"itemListElement\":[{\"@type\":\"ListItem\",\"position\":1,\"name\":\"Accueil\",\"item\":\"https:\/\/www.lrmm.com\/fr\/\"},{\"@type\":\"ListItem\",\"position\":2,\"name\":\"Conf\u00e9rence m\u00e9dias sociaux\"}]},{\"@type\":\"WebSite\",\"@id\":\"https:\/\/www.lrmm.com\/fr\/#website\",\"url\":\"https:\/\/www.lrmm.com\/fr\/\",\"name\":\"Lapointe Rosenstein Marchand Melan\u00e7on\",\"description\":\"\",\"potentialAction\":[{\"@type\":\"SearchAction\",\"target\":{\"@type\":\"EntryPoint\",\"urlTemplate\":\"https:\/\/www.lrmm.com\/fr\/?s={search_term_string}\"},\"query-input\":{\"@type\":\"PropertyValueSpecification\",\"valueRequired\":true,\"valueName\":\"search_term_string\"}}],\"inLanguage\":\"fr-CA\"},{\"@type\":\"Person\",\"@id\":\"https:\/\/www.lrmm.com\/fr\/#\/schema\/person\/a494b773bde4003555adf65ea3a908b2\",\"name\":\"mlbwdev\",\"image\":{\"@type\":\"ImageObject\",\"inLanguage\":\"fr-CA\",\"@id\":\"https:\/\/www.lrmm.com\/fr\/#\/schema\/person\/image\/\",\"url\":\"https:\/\/secure.gravatar.com\/avatar\/8ac5052f5b8214925aa49a0e82e9cfb1105700e37a07755ea489abcaad17c9d9?s=96&d=mm&r=g\",\"contentUrl\":\"https:\/\/secure.gravatar.com\/avatar\/8ac5052f5b8214925aa49a0e82e9cfb1105700e37a07755ea489abcaad17c9d9?s=96&d=mm&r=g\",\"caption\":\"mlbwdev\"}}]}<\/script>\n<!-- \/ Yoast SEO plugin. -->","yoast_head_json":{"title":"Conf\u00e9rence m\u00e9dias sociaux - Lapointe Rosenstein Marchand Melan\u00e7on","robots":{"index":"index","follow":"follow","max-snippet":"max-snippet:-1","max-image-preview":"max-image-preview:large","max-video-preview":"max-video-preview:-1"},"canonical":"https:\/\/www.lrmm.com\/fr\/actualite-s\/confe-rences\/2012\/conference-medias-sociaux\/","og_locale":"fr_CA","og_type":"article","og_title":"Conf\u00e9rence m\u00e9dias sociaux - Lapointe Rosenstein Marchand Melan\u00e7on","og_description":"Les m\u00e9dias sociaux sont devenus incontournables pour les entreprises, mais il faut savoir par o\u00f9 commencer et comment les utiliser. Voil\u00e0 le th\u00e8me qui a \u00e9t\u00e9 abord\u00e9 dans une conf\u00e9rence-cocktail organis\u00e9e par les groupes de pratique litige et droit du travail, \u00e0 l\u2019intention de notre client\u00e8le, le 13 juin dernier. Pour l\u2019occasion, Diane B\u00e9rard, blogueuse [&hellip;]","og_url":"https:\/\/www.lrmm.com\/fr\/actualite-s\/confe-rences\/2012\/conference-medias-sociaux\/","og_site_name":"Lapointe Rosenstein Marchand Melan\u00e7on","article_published_time":"2022-03-10T02:39:58+00:00","article_modified_time":"2022-03-10T05:21:57+00:00","author":"mlbwdev","twitter_card":"summary_large_image","twitter_misc":{"\u00c9crit par":"mlbwdev","Estimation du temps de lecture":"1 minute"},"schema":{"@context":"https:\/\/schema.org","@graph":[{"@type":"Article","@id":"https:\/\/www.lrmm.com\/fr\/actualite-s\/confe-rences\/2012\/conference-medias-sociaux\/#article","isPartOf":{"@id":"https:\/\/www.lrmm.com\/fr\/actualite-s\/confe-rences\/2012\/conference-medias-sociaux\/"},"author":{"name":"mlbwdev","@id":"https:\/\/www.lrmm.com\/fr\/#\/schema\/person\/a494b773bde4003555adf65ea3a908b2"},"headline":"Conf\u00e9rence m\u00e9dias sociaux","datePublished":"2022-03-10T02:39:58+00:00","dateModified":"2022-03-10T05:21:57+00:00","mainEntityOfPage":{"@id":"https:\/\/www.lrmm.com\/fr\/actualite-s\/confe-rences\/2012\/conference-medias-sociaux\/"},"wordCount":221,"commentCount":0,"articleSection":["2012","Actualit\u00e9s","Conf\u00e9rences"],"inLanguage":"fr-CA","potentialAction":[{"@type":"CommentAction","name":"Comment","target":["https:\/\/www.lrmm.com\/fr\/actualite-s\/confe-rences\/2012\/conference-medias-sociaux\/#respond"]}]},{"@type":"WebPage","@id":"https:\/\/www.lrmm.com\/fr\/actualite-s\/confe-rences\/2012\/conference-medias-sociaux\/","url":"https:\/\/www.lrmm.com\/fr\/actualite-s\/confe-rences\/2012\/conference-medias-sociaux\/","name":"Conf\u00e9rence m\u00e9dias sociaux - Lapointe Rosenstein Marchand Melan\u00e7on","isPartOf":{"@id":"https:\/\/www.lrmm.com\/fr\/#website"},"datePublished":"2022-03-10T02:39:58+00:00","dateModified":"2022-03-10T05:21:57+00:00","author":{"@id":"https:\/\/www.lrmm.com\/fr\/#\/schema\/person\/a494b773bde4003555adf65ea3a908b2"},"breadcrumb":{"@id":"https:\/\/www.lrmm.com\/fr\/actualite-s\/confe-rences\/2012\/conference-medias-sociaux\/#breadcrumb"},"inLanguage":"fr-CA","potentialAction":[{"@type":"ReadAction","target":["https:\/\/www.lrmm.com\/fr\/actualite-s\/confe-rences\/2012\/conference-medias-sociaux\/"]}]},{"@type":"BreadcrumbList","@id":"https:\/\/www.lrmm.com\/fr\/actualite-s\/confe-rences\/2012\/conference-medias-sociaux\/#breadcrumb","itemListElement":[{"@type":"ListItem","position":1,"name":"Accueil","item":"https:\/\/www.lrmm.com\/fr\/"},{"@type":"ListItem","position":2,"name":"Conf\u00e9rence m\u00e9dias sociaux"}]},{"@type":"WebSite","@id":"https:\/\/www.lrmm.com\/fr\/#website","url":"https:\/\/www.lrmm.com\/fr\/","name":"Lapointe Rosenstein Marchand Melan\u00e7on","description":"","potentialAction":[{"@type":"SearchAction","target":{"@type":"EntryPoint","urlTemplate":"https:\/\/www.lrmm.com\/fr\/?s={search_term_string}"},"query-input":{"@type":"PropertyValueSpecification","valueRequired":true,"valueName":"search_term_string"}}],"inLanguage":"fr-CA"},{"@type":"Person","@id":"https:\/\/www.lrmm.com\/fr\/#\/schema\/person\/a494b773bde4003555adf65ea3a908b2","name":"mlbwdev","image":{"@type":"ImageObject","inLanguage":"fr-CA","@id":"https:\/\/www.lrmm.com\/fr\/#\/schema\/person\/image\/","url":"https:\/\/secure.gravatar.com\/avatar\/8ac5052f5b8214925aa49a0e82e9cfb1105700e37a07755ea489abcaad17c9d9?s=96&d=mm&r=g","contentUrl":"https:\/\/secure.gravatar.com\/avatar\/8ac5052f5b8214925aa49a0e82e9cfb1105700e37a07755ea489abcaad17c9d9?s=96&d=mm&r=g","caption":"mlbwdev"}}]}},"_links":{"self":[{"href":"https:\/\/www.lrmm.com\/fr\/wp-json\/wp\/v2\/posts\/826","targetHints":{"allow":["GET"]}}],"collection":[{"href":"https:\/\/www.lrmm.com\/fr\/wp-json\/wp\/v2\/posts"}],"about":[{"href":"https:\/\/www.lrmm.com\/fr\/wp-json\/wp\/v2\/types\/post"}],"author":[{"embeddable":true,"href":"https:\/\/www.lrmm.com\/fr\/wp-json\/wp\/v2\/users\/1"}],"replies":[{"embeddable":true,"href":"https:\/\/www.lrmm.com\/fr\/wp-json\/wp\/v2\/comments?post=826"}],"version-history":[{"count":0,"href":"https:\/\/www.lrmm.com\/fr\/wp-json\/wp\/v2\/posts\/826\/revisions"}],"wp:attachment":[{"href":"https:\/\/www.lrmm.com\/fr\/wp-json\/wp\/v2\/media?parent=826"}],"wp:term":[{"taxonomy":"category","embeddable":true,"href":"https:\/\/www.lrmm.com\/fr\/wp-json\/wp\/v2\/categories?post=826"},{"taxonomy":"post_tag","embeddable":true,"href":"https:\/\/www.lrmm.com\/fr\/wp-json\/wp\/v2\/tags?post=826"}],"curies":[{"name":"wp","href":"https:\/\/api.w.org\/{rel}","templated":true}]}}