{"id":825,"date":"2012-03-20T00:00:00","date_gmt":"2012-03-20T04:00:00","guid":{"rendered":"https:\/\/www.lrmm.com\/bruno-floriani-lara-daniel-conference-sur-les-facteurs-cles-succes-expansion-internationale\/"},"modified":"2022-03-10T01:01:29","modified_gmt":"2022-03-10T06:01:29","slug":"bruno-floriani-lara-daniel-conference-sur-les-facteurs-cles-succes-expansion-internationale","status":"publish","type":"post","link":"https:\/\/www.lrmm.com\/fr\/actualite-s\/confe-rences\/2012\/bruno-floriani-lara-daniel-conference-sur-les-facteurs-cles-succes-expansion-internationale\/","title":{"rendered":"Bruno Floriani &#8211; Lara Daniel &#8211; Conf\u00e9rence sur les facteurs cl\u00e9s &#8211; succ\u00e8s expansion internationale"},"content":{"rendered":"<p> Les facteurs-cl\u00e9s pour\u00a0assurer le succ\u00e8s d\u2019une expansion internationale<br \/> Conf\u00e9rence pr\u00e9sent\u00e9e dans le cadre du 19e congr\u00e8s annuel du commerce de d\u00e9tail organis\u00e9e par le Conseil qu\u00e9b\u00e9cois du commerce de d\u00e9tail, le plus important regroupement de d\u00e9taillants au Qu\u00e9bec<br \/> Au Centre Sheraton Montr\u00e9al<\/p>\n<p style=\"margin-left: 40px\">Conf\u00e9renciers :<\/p>\n<p> <strong>Lara Daniel et Bruno Floriani, Avocats<br \/> <\/strong>Lapointe Rosenstein Marchand Melan\u00e7on<br \/> <strong>\u00c9ric Poulin, Directeur de d\u00e9veloppement international, Avocat<br \/> <\/strong>Le Ch\u00e2teau<\/p>\n<p> Lors de cette conf\u00e9rence, les orateurs donneront des exemples concrets en pr\u00e9sentant une \u00e9tude de cas : Le Ch\u00e2teau, une marque \u00e0 la conqu\u00eate du monde.<\/p>\n<p><a target=\"_blank\" href=\"\/fr-CA\/%C3%89quipe\/Avocats\/Avocat+Floriani+Bruno\" rel=\"noopener\">Bruno Floriani<\/a>\u00a0et Lara Daniel, avocats sp\u00e9cialis\u00e9s en mati\u00e8re d\u2019expansion internationale par le biais de franchises, licences, r\u00e9seaux de distribution et de branding mettant en valeur les marques de commerce, vous entretiendront sur les \u00e9l\u00e9ments qui caract\u00e9risent une expansion internationale r\u00e9ussie dans divers march\u00e9s \u00e9trangers. Ils discuteront des facteurs-cl\u00e9s que les entreprises doivent examiner et les d\u00e9fis qu\u2019elles doivent relever lorsqu\u2019elles d\u00e9cident d\u2019\u00e9tendre leurs activit\u00e9s \u00e0 l\u2019\u00e9tranger tout en prot\u00e9geant leurs marques et leur achalandage.<\/p>\n<p>\u00c9ric Poulin, directeur du d\u00e9veloppement international chez Le Ch\u00e2teau, discutera des d\u00e9marches pratiques, au niveau financier et commercial, qui doivent \u00eatre implant\u00e9es pour assurer le succ\u00e8s de l\u2019expansion internationale.<\/p>\n<p>Si vous souhaitez obtenir de plus amples informations sur ce congr\u00e8s, visitez le site du Conseil qu\u00e9b\u00e9cois du commerce de d\u00e9tail.<\/p>\n","protected":false},"excerpt":{"rendered":"<p>Les facteurs-cl\u00e9s pour\u00a0assurer le succ\u00e8s d\u2019une expansion internationale Conf\u00e9rence pr\u00e9sent\u00e9e dans le cadre du 19e congr\u00e8s annuel du commerce de d\u00e9tail organis\u00e9e par le Conseil qu\u00e9b\u00e9cois du commerce de d\u00e9tail, le plus important regroupement de d\u00e9taillants au Qu\u00e9bec Au Centre Sheraton Montr\u00e9al Conf\u00e9renciers : Lara Daniel et Bruno Floriani, Avocats Lapointe Rosenstein Marchand Melan\u00e7on \u00c9ric [&hellip;]<\/p>\n","protected":false},"author":1,"featured_media":0,"comment_status":"open","ping_status":"open","sticky":false,"template":"","format":"standard","meta":{"_acf_changed":false,"footnotes":""},"categories":[34,27,28],"tags":[],"class_list":["post-825","post","type-post","status-publish","format-standard","hentry","category-34","category-actualite-s","category-confe-rences"],"acf":[],"yoast_head":"<!-- This site is optimized with the Yoast SEO plugin v26.9 - https:\/\/yoast.com\/product\/yoast-seo-wordpress\/ -->\n<title>Bruno Floriani - Lara Daniel - Conf\u00e9rence sur les facteurs cl\u00e9s - succ\u00e8s expansion internationale - Lapointe Rosenstein Marchand Melan\u00e7on<\/title>\n<meta name=\"robots\" content=\"index, follow, max-snippet:-1, max-image-preview:large, max-video-preview:-1\" \/>\n<link rel=\"canonical\" href=\"https:\/\/www.lrmm.com\/fr\/actualite-s\/confe-rences\/2012\/bruno-floriani-lara-daniel-conference-sur-les-facteurs-cles-succes-expansion-internationale\/\" \/>\n<meta property=\"og:locale\" content=\"fr_CA\" \/>\n<meta property=\"og:type\" content=\"article\" \/>\n<meta property=\"og:title\" content=\"Bruno Floriani - Lara Daniel - Conf\u00e9rence sur les facteurs cl\u00e9s - succ\u00e8s expansion internationale - Lapointe Rosenstein Marchand Melan\u00e7on\" \/>\n<meta property=\"og:description\" content=\"Les facteurs-cl\u00e9s pour\u00a0assurer le succ\u00e8s d\u2019une expansion internationale Conf\u00e9rence pr\u00e9sent\u00e9e dans le cadre du 19e congr\u00e8s annuel du commerce de d\u00e9tail organis\u00e9e par le Conseil qu\u00e9b\u00e9cois du commerce de d\u00e9tail, le plus important regroupement de d\u00e9taillants au Qu\u00e9bec Au Centre Sheraton Montr\u00e9al Conf\u00e9renciers : Lara Daniel et Bruno Floriani, Avocats Lapointe Rosenstein Marchand Melan\u00e7on \u00c9ric [&hellip;]\" \/>\n<meta property=\"og:url\" content=\"https:\/\/www.lrmm.com\/fr\/actualite-s\/confe-rences\/2012\/bruno-floriani-lara-daniel-conference-sur-les-facteurs-cles-succes-expansion-internationale\/\" \/>\n<meta property=\"og:site_name\" content=\"Lapointe Rosenstein Marchand Melan\u00e7on\" \/>\n<meta property=\"article:published_time\" content=\"2012-03-20T04:00:00+00:00\" \/>\n<meta property=\"article:modified_time\" content=\"2022-03-10T06:01:29+00:00\" \/>\n<meta name=\"author\" content=\"mlbwdev\" \/>\n<meta name=\"twitter:card\" content=\"summary_large_image\" \/>\n<meta name=\"twitter:label1\" content=\"\u00c9crit par\" \/>\n\t<meta name=\"twitter:data1\" content=\"mlbwdev\" \/>\n\t<meta name=\"twitter:label2\" content=\"Estimation du temps de lecture\" \/>\n\t<meta name=\"twitter:data2\" content=\"1 minute\" \/>\n<script type=\"application\/ld+json\" class=\"yoast-schema-graph\">{\"@context\":\"https:\/\/schema.org\",\"@graph\":[{\"@type\":\"Article\",\"@id\":\"https:\/\/www.lrmm.com\/fr\/actualite-s\/confe-rences\/2012\/bruno-floriani-lara-daniel-conference-sur-les-facteurs-cles-succes-expansion-internationale\/#article\",\"isPartOf\":{\"@id\":\"https:\/\/www.lrmm.com\/fr\/actualite-s\/confe-rences\/2012\/bruno-floriani-lara-daniel-conference-sur-les-facteurs-cles-succes-expansion-internationale\/\"},\"author\":{\"name\":\"mlbwdev\",\"@id\":\"https:\/\/www.lrmm.com\/fr\/#\/schema\/person\/a494b773bde4003555adf65ea3a908b2\"},\"headline\":\"Bruno Floriani &#8211; Lara Daniel &#8211; Conf\u00e9rence sur les facteurs cl\u00e9s &#8211; succ\u00e8s expansion internationale\",\"datePublished\":\"2012-03-20T04:00:00+00:00\",\"dateModified\":\"2022-03-10T06:01:29+00:00\",\"mainEntityOfPage\":{\"@id\":\"https:\/\/www.lrmm.com\/fr\/actualite-s\/confe-rences\/2012\/bruno-floriani-lara-daniel-conference-sur-les-facteurs-cles-succes-expansion-internationale\/\"},\"wordCount\":280,\"commentCount\":0,\"articleSection\":[\"2012\",\"Actualit\u00e9s\",\"Conf\u00e9rences\"],\"inLanguage\":\"fr-CA\",\"potentialAction\":[{\"@type\":\"CommentAction\",\"name\":\"Comment\",\"target\":[\"https:\/\/www.lrmm.com\/fr\/actualite-s\/confe-rences\/2012\/bruno-floriani-lara-daniel-conference-sur-les-facteurs-cles-succes-expansion-internationale\/#respond\"]}]},{\"@type\":\"WebPage\",\"@id\":\"https:\/\/www.lrmm.com\/fr\/actualite-s\/confe-rences\/2012\/bruno-floriani-lara-daniel-conference-sur-les-facteurs-cles-succes-expansion-internationale\/\",\"url\":\"https:\/\/www.lrmm.com\/fr\/actualite-s\/confe-rences\/2012\/bruno-floriani-lara-daniel-conference-sur-les-facteurs-cles-succes-expansion-internationale\/\",\"name\":\"Bruno Floriani - Lara Daniel - Conf\u00e9rence sur les facteurs cl\u00e9s - succ\u00e8s expansion internationale - Lapointe Rosenstein Marchand Melan\u00e7on\",\"isPartOf\":{\"@id\":\"https:\/\/www.lrmm.com\/fr\/#website\"},\"datePublished\":\"2012-03-20T04:00:00+00:00\",\"dateModified\":\"2022-03-10T06:01:29+00:00\",\"author\":{\"@id\":\"https:\/\/www.lrmm.com\/fr\/#\/schema\/person\/a494b773bde4003555adf65ea3a908b2\"},\"breadcrumb\":{\"@id\":\"https:\/\/www.lrmm.com\/fr\/actualite-s\/confe-rences\/2012\/bruno-floriani-lara-daniel-conference-sur-les-facteurs-cles-succes-expansion-internationale\/#breadcrumb\"},\"inLanguage\":\"fr-CA\",\"potentialAction\":[{\"@type\":\"ReadAction\",\"target\":[\"https:\/\/www.lrmm.com\/fr\/actualite-s\/confe-rences\/2012\/bruno-floriani-lara-daniel-conference-sur-les-facteurs-cles-succes-expansion-internationale\/\"]}]},{\"@type\":\"BreadcrumbList\",\"@id\":\"https:\/\/www.lrmm.com\/fr\/actualite-s\/confe-rences\/2012\/bruno-floriani-lara-daniel-conference-sur-les-facteurs-cles-succes-expansion-internationale\/#breadcrumb\",\"itemListElement\":[{\"@type\":\"ListItem\",\"position\":1,\"name\":\"Accueil\",\"item\":\"https:\/\/www.lrmm.com\/fr\/\"},{\"@type\":\"ListItem\",\"position\":2,\"name\":\"Bruno Floriani &#8211; Lara Daniel &#8211; Conf\u00e9rence sur les facteurs cl\u00e9s &#8211; succ\u00e8s expansion internationale\"}]},{\"@type\":\"WebSite\",\"@id\":\"https:\/\/www.lrmm.com\/fr\/#website\",\"url\":\"https:\/\/www.lrmm.com\/fr\/\",\"name\":\"Lapointe Rosenstein Marchand Melan\u00e7on\",\"description\":\"\",\"potentialAction\":[{\"@type\":\"SearchAction\",\"target\":{\"@type\":\"EntryPoint\",\"urlTemplate\":\"https:\/\/www.lrmm.com\/fr\/?s={search_term_string}\"},\"query-input\":{\"@type\":\"PropertyValueSpecification\",\"valueRequired\":true,\"valueName\":\"search_term_string\"}}],\"inLanguage\":\"fr-CA\"},{\"@type\":\"Person\",\"@id\":\"https:\/\/www.lrmm.com\/fr\/#\/schema\/person\/a494b773bde4003555adf65ea3a908b2\",\"name\":\"mlbwdev\",\"image\":{\"@type\":\"ImageObject\",\"inLanguage\":\"fr-CA\",\"@id\":\"https:\/\/www.lrmm.com\/fr\/#\/schema\/person\/image\/\",\"url\":\"https:\/\/secure.gravatar.com\/avatar\/8ac5052f5b8214925aa49a0e82e9cfb1105700e37a07755ea489abcaad17c9d9?s=96&d=mm&r=g\",\"contentUrl\":\"https:\/\/secure.gravatar.com\/avatar\/8ac5052f5b8214925aa49a0e82e9cfb1105700e37a07755ea489abcaad17c9d9?s=96&d=mm&r=g\",\"caption\":\"mlbwdev\"}}]}<\/script>\n<!-- \/ Yoast SEO plugin. -->","yoast_head_json":{"title":"Bruno Floriani - Lara Daniel - Conf\u00e9rence sur les facteurs cl\u00e9s - succ\u00e8s expansion internationale - Lapointe Rosenstein Marchand Melan\u00e7on","robots":{"index":"index","follow":"follow","max-snippet":"max-snippet:-1","max-image-preview":"max-image-preview:large","max-video-preview":"max-video-preview:-1"},"canonical":"https:\/\/www.lrmm.com\/fr\/actualite-s\/confe-rences\/2012\/bruno-floriani-lara-daniel-conference-sur-les-facteurs-cles-succes-expansion-internationale\/","og_locale":"fr_CA","og_type":"article","og_title":"Bruno Floriani - Lara Daniel - Conf\u00e9rence sur les facteurs cl\u00e9s - succ\u00e8s expansion internationale - Lapointe Rosenstein Marchand Melan\u00e7on","og_description":"Les facteurs-cl\u00e9s pour\u00a0assurer le succ\u00e8s d\u2019une expansion internationale Conf\u00e9rence pr\u00e9sent\u00e9e dans le cadre du 19e congr\u00e8s annuel du commerce de d\u00e9tail organis\u00e9e par le Conseil qu\u00e9b\u00e9cois du commerce de d\u00e9tail, le plus important regroupement de d\u00e9taillants au Qu\u00e9bec Au Centre Sheraton Montr\u00e9al Conf\u00e9renciers : Lara Daniel et Bruno Floriani, Avocats Lapointe Rosenstein Marchand Melan\u00e7on \u00c9ric [&hellip;]","og_url":"https:\/\/www.lrmm.com\/fr\/actualite-s\/confe-rences\/2012\/bruno-floriani-lara-daniel-conference-sur-les-facteurs-cles-succes-expansion-internationale\/","og_site_name":"Lapointe Rosenstein Marchand Melan\u00e7on","article_published_time":"2012-03-20T04:00:00+00:00","article_modified_time":"2022-03-10T06:01:29+00:00","author":"mlbwdev","twitter_card":"summary_large_image","twitter_misc":{"\u00c9crit par":"mlbwdev","Estimation du temps de lecture":"1 minute"},"schema":{"@context":"https:\/\/schema.org","@graph":[{"@type":"Article","@id":"https:\/\/www.lrmm.com\/fr\/actualite-s\/confe-rences\/2012\/bruno-floriani-lara-daniel-conference-sur-les-facteurs-cles-succes-expansion-internationale\/#article","isPartOf":{"@id":"https:\/\/www.lrmm.com\/fr\/actualite-s\/confe-rences\/2012\/bruno-floriani-lara-daniel-conference-sur-les-facteurs-cles-succes-expansion-internationale\/"},"author":{"name":"mlbwdev","@id":"https:\/\/www.lrmm.com\/fr\/#\/schema\/person\/a494b773bde4003555adf65ea3a908b2"},"headline":"Bruno Floriani &#8211; Lara Daniel &#8211; Conf\u00e9rence sur les facteurs cl\u00e9s &#8211; succ\u00e8s expansion internationale","datePublished":"2012-03-20T04:00:00+00:00","dateModified":"2022-03-10T06:01:29+00:00","mainEntityOfPage":{"@id":"https:\/\/www.lrmm.com\/fr\/actualite-s\/confe-rences\/2012\/bruno-floriani-lara-daniel-conference-sur-les-facteurs-cles-succes-expansion-internationale\/"},"wordCount":280,"commentCount":0,"articleSection":["2012","Actualit\u00e9s","Conf\u00e9rences"],"inLanguage":"fr-CA","potentialAction":[{"@type":"CommentAction","name":"Comment","target":["https:\/\/www.lrmm.com\/fr\/actualite-s\/confe-rences\/2012\/bruno-floriani-lara-daniel-conference-sur-les-facteurs-cles-succes-expansion-internationale\/#respond"]}]},{"@type":"WebPage","@id":"https:\/\/www.lrmm.com\/fr\/actualite-s\/confe-rences\/2012\/bruno-floriani-lara-daniel-conference-sur-les-facteurs-cles-succes-expansion-internationale\/","url":"https:\/\/www.lrmm.com\/fr\/actualite-s\/confe-rences\/2012\/bruno-floriani-lara-daniel-conference-sur-les-facteurs-cles-succes-expansion-internationale\/","name":"Bruno Floriani - Lara Daniel - Conf\u00e9rence sur les facteurs cl\u00e9s - succ\u00e8s expansion internationale - Lapointe Rosenstein Marchand Melan\u00e7on","isPartOf":{"@id":"https:\/\/www.lrmm.com\/fr\/#website"},"datePublished":"2012-03-20T04:00:00+00:00","dateModified":"2022-03-10T06:01:29+00:00","author":{"@id":"https:\/\/www.lrmm.com\/fr\/#\/schema\/person\/a494b773bde4003555adf65ea3a908b2"},"breadcrumb":{"@id":"https:\/\/www.lrmm.com\/fr\/actualite-s\/confe-rences\/2012\/bruno-floriani-lara-daniel-conference-sur-les-facteurs-cles-succes-expansion-internationale\/#breadcrumb"},"inLanguage":"fr-CA","potentialAction":[{"@type":"ReadAction","target":["https:\/\/www.lrmm.com\/fr\/actualite-s\/confe-rences\/2012\/bruno-floriani-lara-daniel-conference-sur-les-facteurs-cles-succes-expansion-internationale\/"]}]},{"@type":"BreadcrumbList","@id":"https:\/\/www.lrmm.com\/fr\/actualite-s\/confe-rences\/2012\/bruno-floriani-lara-daniel-conference-sur-les-facteurs-cles-succes-expansion-internationale\/#breadcrumb","itemListElement":[{"@type":"ListItem","position":1,"name":"Accueil","item":"https:\/\/www.lrmm.com\/fr\/"},{"@type":"ListItem","position":2,"name":"Bruno Floriani &#8211; Lara Daniel &#8211; Conf\u00e9rence sur les facteurs cl\u00e9s &#8211; succ\u00e8s expansion internationale"}]},{"@type":"WebSite","@id":"https:\/\/www.lrmm.com\/fr\/#website","url":"https:\/\/www.lrmm.com\/fr\/","name":"Lapointe Rosenstein Marchand Melan\u00e7on","description":"","potentialAction":[{"@type":"SearchAction","target":{"@type":"EntryPoint","urlTemplate":"https:\/\/www.lrmm.com\/fr\/?s={search_term_string}"},"query-input":{"@type":"PropertyValueSpecification","valueRequired":true,"valueName":"search_term_string"}}],"inLanguage":"fr-CA"},{"@type":"Person","@id":"https:\/\/www.lrmm.com\/fr\/#\/schema\/person\/a494b773bde4003555adf65ea3a908b2","name":"mlbwdev","image":{"@type":"ImageObject","inLanguage":"fr-CA","@id":"https:\/\/www.lrmm.com\/fr\/#\/schema\/person\/image\/","url":"https:\/\/secure.gravatar.com\/avatar\/8ac5052f5b8214925aa49a0e82e9cfb1105700e37a07755ea489abcaad17c9d9?s=96&d=mm&r=g","contentUrl":"https:\/\/secure.gravatar.com\/avatar\/8ac5052f5b8214925aa49a0e82e9cfb1105700e37a07755ea489abcaad17c9d9?s=96&d=mm&r=g","caption":"mlbwdev"}}]}},"_links":{"self":[{"href":"https:\/\/www.lrmm.com\/fr\/wp-json\/wp\/v2\/posts\/825","targetHints":{"allow":["GET"]}}],"collection":[{"href":"https:\/\/www.lrmm.com\/fr\/wp-json\/wp\/v2\/posts"}],"about":[{"href":"https:\/\/www.lrmm.com\/fr\/wp-json\/wp\/v2\/types\/post"}],"author":[{"embeddable":true,"href":"https:\/\/www.lrmm.com\/fr\/wp-json\/wp\/v2\/users\/1"}],"replies":[{"embeddable":true,"href":"https:\/\/www.lrmm.com\/fr\/wp-json\/wp\/v2\/comments?post=825"}],"version-history":[{"count":0,"href":"https:\/\/www.lrmm.com\/fr\/wp-json\/wp\/v2\/posts\/825\/revisions"}],"wp:attachment":[{"href":"https:\/\/www.lrmm.com\/fr\/wp-json\/wp\/v2\/media?parent=825"}],"wp:term":[{"taxonomy":"category","embeddable":true,"href":"https:\/\/www.lrmm.com\/fr\/wp-json\/wp\/v2\/categories?post=825"},{"taxonomy":"post_tag","embeddable":true,"href":"https:\/\/www.lrmm.com\/fr\/wp-json\/wp\/v2\/tags?post=825"}],"curies":[{"name":"wp","href":"https:\/\/api.w.org\/{rel}","templated":true}]}}