{"id":6167,"date":"2025-04-04T11:46:55","date_gmt":"2025-04-04T15:46:55","guid":{"rendered":"https:\/\/www.lrmm.com\/?p=6167"},"modified":"2025-04-04T11:48:05","modified_gmt":"2025-04-04T15:48:05","slug":"nomination-de-me-antoine-leduc-ad-e-au-conseil-dadministration-de-la-fondation-du-barreau-du-quebec","status":"publish","type":"post","link":"https:\/\/www.lrmm.com\/fr\/actualite-s\/nomination-de-me-antoine-leduc-ad-e-au-conseil-dadministration-de-la-fondation-du-barreau-du-quebec\/","title":{"rendered":"Nomination de Me Antoine Leduc, Ad. \u00a0E., au Conseil d\u2019administration de la Fondation du Barreau du Qu\u00e9bec"},"content":{"rendered":"\n<p>C\u2019est avec enthousiasme que nous annon\u00e7ons la nomination de<a href=\"https:\/\/www.lrmm.com\/fr\/e-quipe\/avocats\/avocat-leduc-antoine\"> <strong>Me Antoine Leduc, LL.D., Ad. E., GCB.D<\/strong><\/a> au conseil d\u2019administration de la Fondation du Barreau du Qu\u00e9bec.<\/p>\n\n\n\n<p>Associ\u00e9 au sein de notre cabinet et Gouverneur \u00c9m\u00e9rite de la Fondation, Me Leduc est un avocat de renom, cumulant plus de 27 ans d\u2019exp\u00e9rience en droit bancaire et des services financiers, en restructuration, en immobilier et en d\u00e9veloppement international.<\/p>\n\n\n\n<p>Docteur en droit et avocat \u00e9m\u00e9rite au Barreau du Qu\u00e9bec, il est \u00e9galement Fellow du American College of Mortgage Attorneys et d\u00e9tenteur d\u2019un Global Competent Boards ESG Certificate and Designation (GCB.D). Son engagement envers la profession s\u2019est notamment illustr\u00e9 lorsqu\u2019il a occup\u00e9 la pr\u00e9sidence de l\u2019Association du Barreau canadien, Division du Qu\u00e9bec (2014-2016).<\/p>\n\n\n\n<p>Auteur et conf\u00e9rencier respect\u00e9, ses publications sont r\u00e9guli\u00e8rement cit\u00e9es en doctrine et par les tribunaux. Son ouvrage <em>Mondialisation et harmonisation du droit des s\u00fbret\u00e9s<\/em> (\u00c9ditions Th\u00e9mis, 2012) a d\u2019ailleurs re\u00e7u le Prix du Concours juridique 2013 de la Fondation du Barreau du Qu\u00e9bec dans la cat\u00e9gorie \u00ab&nbsp;Monographie et trait\u00e9&nbsp;\u00bb.<\/p>\n\n\n\n<p>F\u00e9licitations \u00e0 Me Leduc pour cette nomination, qui s\u2019inscrit dans une continuit\u00e9 d\u2019excellence et d\u2019engagement envers la profession juridique ! \ud83d\udc4f\ud83c\udf89<\/p>\n\n\n\n<figure class=\"wp-block-image size-large\"><img fetchpriority=\"high\" decoding=\"async\" width=\"1024\" height=\"607\" src=\"https:\/\/www.lrmm.com\/wp-content\/uploads\/2025\/04\/Me_Leduc_Fondation_Barreau_Qc_FR-1024x607.png\" alt=\"\" class=\"wp-image-6168\" srcset=\"https:\/\/www.lrmm.com\/wp-content\/uploads\/2025\/04\/Me_Leduc_Fondation_Barreau_Qc_FR-1024x607.png 1024w, https:\/\/www.lrmm.com\/wp-content\/uploads\/2025\/04\/Me_Leduc_Fondation_Barreau_Qc_FR-300x178.png 300w, https:\/\/www.lrmm.com\/wp-content\/uploads\/2025\/04\/Me_Leduc_Fondation_Barreau_Qc_FR-768x455.png 768w, https:\/\/www.lrmm.com\/wp-content\/uploads\/2025\/04\/Me_Leduc_Fondation_Barreau_Qc_FR-1536x911.png 1536w, https:\/\/www.lrmm.com\/wp-content\/uploads\/2025\/04\/Me_Leduc_Fondation_Barreau_Qc_FR.png 1594w\" sizes=\"(max-width: 1024px) 100vw, 1024px\" \/><\/figure>\n","protected":false},"excerpt":{"rendered":"<p>C\u2019est avec enthousiasme que nous annon\u00e7ons la nomination de Me Antoine Leduc, LL.D., Ad. E., GCB.D au conseil d\u2019administration de la Fondation du Barreau du Qu\u00e9bec. Associ\u00e9 au sein de notre cabinet et Gouverneur \u00c9m\u00e9rite de la Fondation, Me Leduc est un avocat de renom, cumulant plus de 27 ans d\u2019exp\u00e9rience en droit bancaire et [&hellip;]<\/p>\n","protected":false},"author":3,"featured_media":0,"comment_status":"open","ping_status":"open","sticky":false,"template":"","format":"standard","meta":{"_acf_changed":false,"footnotes":""},"categories":[202,27,44],"tags":[204],"class_list":["post-6167","post","type-post","status-publish","format-standard","hentry","category-202","category-actualite-s","category-nouvelles","tag-2025-2"],"acf":[],"yoast_head":"<!-- This site is optimized with the Yoast SEO plugin v26.9 - https:\/\/yoast.com\/product\/yoast-seo-wordpress\/ -->\n<title>Nomination de Me Antoine Leduc, Ad. \u00a0E., au Conseil d\u2019administration de la Fondation du Barreau du Qu\u00e9bec - Lapointe Rosenstein Marchand Melan\u00e7on<\/title>\n<meta name=\"robots\" content=\"index, follow, max-snippet:-1, max-image-preview:large, max-video-preview:-1\" \/>\n<link rel=\"canonical\" href=\"https:\/\/www.lrmm.com\/fr\/actualite-s\/nomination-de-me-antoine-leduc-ad-e-au-conseil-dadministration-de-la-fondation-du-barreau-du-quebec\/\" \/>\n<meta property=\"og:locale\" content=\"fr_CA\" \/>\n<meta property=\"og:type\" content=\"article\" \/>\n<meta property=\"og:title\" content=\"Nomination de Me Antoine Leduc, Ad. \u00a0E., au Conseil d\u2019administration de la Fondation du Barreau du Qu\u00e9bec - Lapointe Rosenstein Marchand Melan\u00e7on\" \/>\n<meta property=\"og:description\" content=\"C\u2019est avec enthousiasme que nous annon\u00e7ons la nomination de Me Antoine Leduc, LL.D., Ad. E., GCB.D au conseil d\u2019administration de la Fondation du Barreau du Qu\u00e9bec. Associ\u00e9 au sein de notre cabinet et Gouverneur \u00c9m\u00e9rite de la Fondation, Me Leduc est un avocat de renom, cumulant plus de 27 ans d\u2019exp\u00e9rience en droit bancaire et [&hellip;]\" \/>\n<meta property=\"og:url\" content=\"https:\/\/www.lrmm.com\/fr\/actualite-s\/nomination-de-me-antoine-leduc-ad-e-au-conseil-dadministration-de-la-fondation-du-barreau-du-quebec\/\" \/>\n<meta property=\"og:site_name\" content=\"Lapointe Rosenstein Marchand Melan\u00e7on\" \/>\n<meta property=\"article:published_time\" content=\"2025-04-04T15:46:55+00:00\" \/>\n<meta property=\"article:modified_time\" content=\"2025-04-04T15:48:05+00:00\" \/>\n<meta property=\"og:image\" content=\"https:\/\/www.lrmm.com\/wp-content\/uploads\/2025\/04\/Me_Leduc_Fondation_Barreau_Qc_FR.png\" \/>\n\t<meta property=\"og:image:width\" content=\"1594\" \/>\n\t<meta property=\"og:image:height\" content=\"945\" \/>\n\t<meta property=\"og:image:type\" content=\"image\/png\" \/>\n<meta name=\"author\" content=\"Marie-Jos\u00e9e Vachon\" \/>\n<meta name=\"twitter:card\" content=\"summary_large_image\" \/>\n<meta name=\"twitter:label1\" content=\"\u00c9crit par\" \/>\n\t<meta name=\"twitter:data1\" content=\"Marie-Jos\u00e9e Vachon\" \/>\n\t<meta name=\"twitter:label2\" content=\"Estimation du temps de lecture\" \/>\n\t<meta name=\"twitter:data2\" content=\"2 minutes\" \/>\n<script type=\"application\/ld+json\" class=\"yoast-schema-graph\">{\"@context\":\"https:\/\/schema.org\",\"@graph\":[{\"@type\":\"Article\",\"@id\":\"https:\/\/www.lrmm.com\/fr\/actualite-s\/nomination-de-me-antoine-leduc-ad-e-au-conseil-dadministration-de-la-fondation-du-barreau-du-quebec\/#article\",\"isPartOf\":{\"@id\":\"https:\/\/www.lrmm.com\/fr\/actualite-s\/nomination-de-me-antoine-leduc-ad-e-au-conseil-dadministration-de-la-fondation-du-barreau-du-quebec\/\"},\"author\":{\"name\":\"Marie-Jos\u00e9e Vachon\",\"@id\":\"https:\/\/www.lrmm.com\/fr\/#\/schema\/person\/608cea5fb7685524e61a0bd1e10eecc7\"},\"headline\":\"Nomination de Me Antoine Leduc, Ad. \u00a0E., au Conseil d\u2019administration de la Fondation du Barreau du Qu\u00e9bec\",\"datePublished\":\"2025-04-04T15:46:55+00:00\",\"dateModified\":\"2025-04-04T15:48:05+00:00\",\"mainEntityOfPage\":{\"@id\":\"https:\/\/www.lrmm.com\/fr\/actualite-s\/nomination-de-me-antoine-leduc-ad-e-au-conseil-dadministration-de-la-fondation-du-barreau-du-quebec\/\"},\"wordCount\":239,\"commentCount\":0,\"image\":{\"@id\":\"https:\/\/www.lrmm.com\/fr\/actualite-s\/nomination-de-me-antoine-leduc-ad-e-au-conseil-dadministration-de-la-fondation-du-barreau-du-quebec\/#primaryimage\"},\"thumbnailUrl\":\"https:\/\/www.lrmm.com\/wp-content\/uploads\/2025\/04\/Me_Leduc_Fondation_Barreau_Qc_FR-1024x607.png\",\"keywords\":[\"2025\"],\"articleSection\":[\"2025\",\"Actualit\u00e9s\",\"Nouvelles\"],\"inLanguage\":\"fr-CA\",\"potentialAction\":[{\"@type\":\"CommentAction\",\"name\":\"Comment\",\"target\":[\"https:\/\/www.lrmm.com\/fr\/actualite-s\/nomination-de-me-antoine-leduc-ad-e-au-conseil-dadministration-de-la-fondation-du-barreau-du-quebec\/#respond\"]}]},{\"@type\":\"WebPage\",\"@id\":\"https:\/\/www.lrmm.com\/fr\/actualite-s\/nomination-de-me-antoine-leduc-ad-e-au-conseil-dadministration-de-la-fondation-du-barreau-du-quebec\/\",\"url\":\"https:\/\/www.lrmm.com\/fr\/actualite-s\/nomination-de-me-antoine-leduc-ad-e-au-conseil-dadministration-de-la-fondation-du-barreau-du-quebec\/\",\"name\":\"Nomination de Me Antoine Leduc, Ad. \u00a0E., au Conseil d\u2019administration de la Fondation du Barreau du Qu\u00e9bec - Lapointe Rosenstein Marchand Melan\u00e7on\",\"isPartOf\":{\"@id\":\"https:\/\/www.lrmm.com\/fr\/#website\"},\"primaryImageOfPage\":{\"@id\":\"https:\/\/www.lrmm.com\/fr\/actualite-s\/nomination-de-me-antoine-leduc-ad-e-au-conseil-dadministration-de-la-fondation-du-barreau-du-quebec\/#primaryimage\"},\"image\":{\"@id\":\"https:\/\/www.lrmm.com\/fr\/actualite-s\/nomination-de-me-antoine-leduc-ad-e-au-conseil-dadministration-de-la-fondation-du-barreau-du-quebec\/#primaryimage\"},\"thumbnailUrl\":\"https:\/\/www.lrmm.com\/wp-content\/uploads\/2025\/04\/Me_Leduc_Fondation_Barreau_Qc_FR-1024x607.png\",\"datePublished\":\"2025-04-04T15:46:55+00:00\",\"dateModified\":\"2025-04-04T15:48:05+00:00\",\"author\":{\"@id\":\"https:\/\/www.lrmm.com\/fr\/#\/schema\/person\/608cea5fb7685524e61a0bd1e10eecc7\"},\"breadcrumb\":{\"@id\":\"https:\/\/www.lrmm.com\/fr\/actualite-s\/nomination-de-me-antoine-leduc-ad-e-au-conseil-dadministration-de-la-fondation-du-barreau-du-quebec\/#breadcrumb\"},\"inLanguage\":\"fr-CA\",\"potentialAction\":[{\"@type\":\"ReadAction\",\"target\":[\"https:\/\/www.lrmm.com\/fr\/actualite-s\/nomination-de-me-antoine-leduc-ad-e-au-conseil-dadministration-de-la-fondation-du-barreau-du-quebec\/\"]}]},{\"@type\":\"ImageObject\",\"inLanguage\":\"fr-CA\",\"@id\":\"https:\/\/www.lrmm.com\/fr\/actualite-s\/nomination-de-me-antoine-leduc-ad-e-au-conseil-dadministration-de-la-fondation-du-barreau-du-quebec\/#primaryimage\",\"url\":\"https:\/\/www.lrmm.com\/wp-content\/uploads\/2025\/04\/Me_Leduc_Fondation_Barreau_Qc_FR-1024x607.png\",\"contentUrl\":\"https:\/\/www.lrmm.com\/wp-content\/uploads\/2025\/04\/Me_Leduc_Fondation_Barreau_Qc_FR-1024x607.png\"},{\"@type\":\"BreadcrumbList\",\"@id\":\"https:\/\/www.lrmm.com\/fr\/actualite-s\/nomination-de-me-antoine-leduc-ad-e-au-conseil-dadministration-de-la-fondation-du-barreau-du-quebec\/#breadcrumb\",\"itemListElement\":[{\"@type\":\"ListItem\",\"position\":1,\"name\":\"Accueil\",\"item\":\"https:\/\/www.lrmm.com\/fr\/\"},{\"@type\":\"ListItem\",\"position\":2,\"name\":\"Nomination de Me Antoine Leduc, Ad. \u00a0E., au Conseil d\u2019administration de la Fondation du Barreau du Qu\u00e9bec\"}]},{\"@type\":\"WebSite\",\"@id\":\"https:\/\/www.lrmm.com\/fr\/#website\",\"url\":\"https:\/\/www.lrmm.com\/fr\/\",\"name\":\"Lapointe Rosenstein Marchand Melan\u00e7on\",\"description\":\"\",\"potentialAction\":[{\"@type\":\"SearchAction\",\"target\":{\"@type\":\"EntryPoint\",\"urlTemplate\":\"https:\/\/www.lrmm.com\/fr\/?s={search_term_string}\"},\"query-input\":{\"@type\":\"PropertyValueSpecification\",\"valueRequired\":true,\"valueName\":\"search_term_string\"}}],\"inLanguage\":\"fr-CA\"},{\"@type\":\"Person\",\"@id\":\"https:\/\/www.lrmm.com\/fr\/#\/schema\/person\/608cea5fb7685524e61a0bd1e10eecc7\",\"name\":\"Marie-Jos\u00e9e Vachon\",\"image\":{\"@type\":\"ImageObject\",\"inLanguage\":\"fr-CA\",\"@id\":\"https:\/\/www.lrmm.com\/fr\/#\/schema\/person\/image\/\",\"url\":\"https:\/\/secure.gravatar.com\/avatar\/40130eff076af3e899c6bd110b126c3671836d81d20c935fa32a1b7a439ff9c1?s=96&d=mm&r=g\",\"contentUrl\":\"https:\/\/secure.gravatar.com\/avatar\/40130eff076af3e899c6bd110b126c3671836d81d20c935fa32a1b7a439ff9c1?s=96&d=mm&r=g\",\"caption\":\"Marie-Jos\u00e9e Vachon\"}}]}<\/script>\n<!-- \/ Yoast SEO plugin. -->","yoast_head_json":{"title":"Nomination de Me Antoine Leduc, Ad. \u00a0E., au Conseil d\u2019administration de la Fondation du Barreau du Qu\u00e9bec - Lapointe Rosenstein Marchand Melan\u00e7on","robots":{"index":"index","follow":"follow","max-snippet":"max-snippet:-1","max-image-preview":"max-image-preview:large","max-video-preview":"max-video-preview:-1"},"canonical":"https:\/\/www.lrmm.com\/fr\/actualite-s\/nomination-de-me-antoine-leduc-ad-e-au-conseil-dadministration-de-la-fondation-du-barreau-du-quebec\/","og_locale":"fr_CA","og_type":"article","og_title":"Nomination de Me Antoine Leduc, Ad. \u00a0E., au Conseil d\u2019administration de la Fondation du Barreau du Qu\u00e9bec - Lapointe Rosenstein Marchand Melan\u00e7on","og_description":"C\u2019est avec enthousiasme que nous annon\u00e7ons la nomination de Me Antoine Leduc, LL.D., Ad. E., GCB.D au conseil d\u2019administration de la Fondation du Barreau du Qu\u00e9bec. Associ\u00e9 au sein de notre cabinet et Gouverneur \u00c9m\u00e9rite de la Fondation, Me Leduc est un avocat de renom, cumulant plus de 27 ans d\u2019exp\u00e9rience en droit bancaire et [&hellip;]","og_url":"https:\/\/www.lrmm.com\/fr\/actualite-s\/nomination-de-me-antoine-leduc-ad-e-au-conseil-dadministration-de-la-fondation-du-barreau-du-quebec\/","og_site_name":"Lapointe Rosenstein Marchand Melan\u00e7on","article_published_time":"2025-04-04T15:46:55+00:00","article_modified_time":"2025-04-04T15:48:05+00:00","og_image":[{"width":1594,"height":945,"url":"https:\/\/www.lrmm.com\/wp-content\/uploads\/2025\/04\/Me_Leduc_Fondation_Barreau_Qc_FR.png","type":"image\/png"}],"author":"Marie-Jos\u00e9e Vachon","twitter_card":"summary_large_image","twitter_misc":{"\u00c9crit par":"Marie-Jos\u00e9e Vachon","Estimation du temps de lecture":"2 minutes"},"schema":{"@context":"https:\/\/schema.org","@graph":[{"@type":"Article","@id":"https:\/\/www.lrmm.com\/fr\/actualite-s\/nomination-de-me-antoine-leduc-ad-e-au-conseil-dadministration-de-la-fondation-du-barreau-du-quebec\/#article","isPartOf":{"@id":"https:\/\/www.lrmm.com\/fr\/actualite-s\/nomination-de-me-antoine-leduc-ad-e-au-conseil-dadministration-de-la-fondation-du-barreau-du-quebec\/"},"author":{"name":"Marie-Jos\u00e9e Vachon","@id":"https:\/\/www.lrmm.com\/fr\/#\/schema\/person\/608cea5fb7685524e61a0bd1e10eecc7"},"headline":"Nomination de Me Antoine Leduc, Ad. \u00a0E., au Conseil d\u2019administration de la Fondation du Barreau du Qu\u00e9bec","datePublished":"2025-04-04T15:46:55+00:00","dateModified":"2025-04-04T15:48:05+00:00","mainEntityOfPage":{"@id":"https:\/\/www.lrmm.com\/fr\/actualite-s\/nomination-de-me-antoine-leduc-ad-e-au-conseil-dadministration-de-la-fondation-du-barreau-du-quebec\/"},"wordCount":239,"commentCount":0,"image":{"@id":"https:\/\/www.lrmm.com\/fr\/actualite-s\/nomination-de-me-antoine-leduc-ad-e-au-conseil-dadministration-de-la-fondation-du-barreau-du-quebec\/#primaryimage"},"thumbnailUrl":"https:\/\/www.lrmm.com\/wp-content\/uploads\/2025\/04\/Me_Leduc_Fondation_Barreau_Qc_FR-1024x607.png","keywords":["2025"],"articleSection":["2025","Actualit\u00e9s","Nouvelles"],"inLanguage":"fr-CA","potentialAction":[{"@type":"CommentAction","name":"Comment","target":["https:\/\/www.lrmm.com\/fr\/actualite-s\/nomination-de-me-antoine-leduc-ad-e-au-conseil-dadministration-de-la-fondation-du-barreau-du-quebec\/#respond"]}]},{"@type":"WebPage","@id":"https:\/\/www.lrmm.com\/fr\/actualite-s\/nomination-de-me-antoine-leduc-ad-e-au-conseil-dadministration-de-la-fondation-du-barreau-du-quebec\/","url":"https:\/\/www.lrmm.com\/fr\/actualite-s\/nomination-de-me-antoine-leduc-ad-e-au-conseil-dadministration-de-la-fondation-du-barreau-du-quebec\/","name":"Nomination de Me Antoine Leduc, Ad. \u00a0E., au Conseil d\u2019administration de la Fondation du Barreau du Qu\u00e9bec - Lapointe Rosenstein Marchand Melan\u00e7on","isPartOf":{"@id":"https:\/\/www.lrmm.com\/fr\/#website"},"primaryImageOfPage":{"@id":"https:\/\/www.lrmm.com\/fr\/actualite-s\/nomination-de-me-antoine-leduc-ad-e-au-conseil-dadministration-de-la-fondation-du-barreau-du-quebec\/#primaryimage"},"image":{"@id":"https:\/\/www.lrmm.com\/fr\/actualite-s\/nomination-de-me-antoine-leduc-ad-e-au-conseil-dadministration-de-la-fondation-du-barreau-du-quebec\/#primaryimage"},"thumbnailUrl":"https:\/\/www.lrmm.com\/wp-content\/uploads\/2025\/04\/Me_Leduc_Fondation_Barreau_Qc_FR-1024x607.png","datePublished":"2025-04-04T15:46:55+00:00","dateModified":"2025-04-04T15:48:05+00:00","author":{"@id":"https:\/\/www.lrmm.com\/fr\/#\/schema\/person\/608cea5fb7685524e61a0bd1e10eecc7"},"breadcrumb":{"@id":"https:\/\/www.lrmm.com\/fr\/actualite-s\/nomination-de-me-antoine-leduc-ad-e-au-conseil-dadministration-de-la-fondation-du-barreau-du-quebec\/#breadcrumb"},"inLanguage":"fr-CA","potentialAction":[{"@type":"ReadAction","target":["https:\/\/www.lrmm.com\/fr\/actualite-s\/nomination-de-me-antoine-leduc-ad-e-au-conseil-dadministration-de-la-fondation-du-barreau-du-quebec\/"]}]},{"@type":"ImageObject","inLanguage":"fr-CA","@id":"https:\/\/www.lrmm.com\/fr\/actualite-s\/nomination-de-me-antoine-leduc-ad-e-au-conseil-dadministration-de-la-fondation-du-barreau-du-quebec\/#primaryimage","url":"https:\/\/www.lrmm.com\/wp-content\/uploads\/2025\/04\/Me_Leduc_Fondation_Barreau_Qc_FR-1024x607.png","contentUrl":"https:\/\/www.lrmm.com\/wp-content\/uploads\/2025\/04\/Me_Leduc_Fondation_Barreau_Qc_FR-1024x607.png"},{"@type":"BreadcrumbList","@id":"https:\/\/www.lrmm.com\/fr\/actualite-s\/nomination-de-me-antoine-leduc-ad-e-au-conseil-dadministration-de-la-fondation-du-barreau-du-quebec\/#breadcrumb","itemListElement":[{"@type":"ListItem","position":1,"name":"Accueil","item":"https:\/\/www.lrmm.com\/fr\/"},{"@type":"ListItem","position":2,"name":"Nomination de Me Antoine Leduc, Ad. \u00a0E., au Conseil d\u2019administration de la Fondation du Barreau du Qu\u00e9bec"}]},{"@type":"WebSite","@id":"https:\/\/www.lrmm.com\/fr\/#website","url":"https:\/\/www.lrmm.com\/fr\/","name":"Lapointe Rosenstein Marchand Melan\u00e7on","description":"","potentialAction":[{"@type":"SearchAction","target":{"@type":"EntryPoint","urlTemplate":"https:\/\/www.lrmm.com\/fr\/?s={search_term_string}"},"query-input":{"@type":"PropertyValueSpecification","valueRequired":true,"valueName":"search_term_string"}}],"inLanguage":"fr-CA"},{"@type":"Person","@id":"https:\/\/www.lrmm.com\/fr\/#\/schema\/person\/608cea5fb7685524e61a0bd1e10eecc7","name":"Marie-Jos\u00e9e Vachon","image":{"@type":"ImageObject","inLanguage":"fr-CA","@id":"https:\/\/www.lrmm.com\/fr\/#\/schema\/person\/image\/","url":"https:\/\/secure.gravatar.com\/avatar\/40130eff076af3e899c6bd110b126c3671836d81d20c935fa32a1b7a439ff9c1?s=96&d=mm&r=g","contentUrl":"https:\/\/secure.gravatar.com\/avatar\/40130eff076af3e899c6bd110b126c3671836d81d20c935fa32a1b7a439ff9c1?s=96&d=mm&r=g","caption":"Marie-Jos\u00e9e Vachon"}}]}},"_links":{"self":[{"href":"https:\/\/www.lrmm.com\/fr\/wp-json\/wp\/v2\/posts\/6167","targetHints":{"allow":["GET"]}}],"collection":[{"href":"https:\/\/www.lrmm.com\/fr\/wp-json\/wp\/v2\/posts"}],"about":[{"href":"https:\/\/www.lrmm.com\/fr\/wp-json\/wp\/v2\/types\/post"}],"author":[{"embeddable":true,"href":"https:\/\/www.lrmm.com\/fr\/wp-json\/wp\/v2\/users\/3"}],"replies":[{"embeddable":true,"href":"https:\/\/www.lrmm.com\/fr\/wp-json\/wp\/v2\/comments?post=6167"}],"version-history":[{"count":2,"href":"https:\/\/www.lrmm.com\/fr\/wp-json\/wp\/v2\/posts\/6167\/revisions"}],"predecessor-version":[{"id":6171,"href":"https:\/\/www.lrmm.com\/fr\/wp-json\/wp\/v2\/posts\/6167\/revisions\/6171"}],"wp:attachment":[{"href":"https:\/\/www.lrmm.com\/fr\/wp-json\/wp\/v2\/media?parent=6167"}],"wp:term":[{"taxonomy":"category","embeddable":true,"href":"https:\/\/www.lrmm.com\/fr\/wp-json\/wp\/v2\/categories?post=6167"},{"taxonomy":"post_tag","embeddable":true,"href":"https:\/\/www.lrmm.com\/fr\/wp-json\/wp\/v2\/tags?post=6167"}],"curies":[{"name":"wp","href":"https:\/\/api.w.org\/{rel}","templated":true}]}}