{"id":6052,"date":"2025-01-10T16:02:46","date_gmt":"2025-01-10T21:02:46","guid":{"rendered":"https:\/\/www.lrmm.com\/?p=6052"},"modified":"2025-01-10T16:02:46","modified_gmt":"2025-01-10T21:02:46","slug":"julia-de-rose-nommee-cheffe-dequipe-du-groupe-dassurances","status":"publish","type":"post","link":"https:\/\/www.lrmm.com\/fr\/actualite-s\/julia-de-rose-nommee-cheffe-dequipe-du-groupe-dassurances\/","title":{"rendered":"Julia De Rose, nomm\u00e9e cheffe d&rsquo;\u00e9quipe du groupe d&rsquo;assurances"},"content":{"rendered":"\n<p>F\u00e9licitations \u00e0 notre associ\u00e9e <a href=\"https:\/\/www.lrmm.com\/fr\/e-quipe\/avocats\/avocat-de-rose-julia\">Julia De Rose <\/a>pour sa nomination au poste de cheffe d&rsquo;\u00e9quipe de notre groupe d&rsquo;assurances.<\/p>\n\n\n\n<p>Depuis son arriv\u00e9e au cabinet, Julia s&rsquo;est d\u00e9marqu\u00e9e par son expertise, son leadership inspirant et son engagement envers l&rsquo;excellence. Sa nomination marque une \u00e9tape importante dans le d\u00e9veloppement de notre pratique et refl\u00e8te notre volont\u00e9 de continuer \u00e0 offrir un service de premier plan \u00e0 nos clients.<\/p>\n\n\n\n<p>F\u00e9licitations \u00e0 Julia pour cette belle r\u00e9alisation ! Nous sommes convaincus qu&rsquo;elle saura relever ce nouveau d\u00e9fi avec brio.<\/p>\n\n\n\n<figure class=\"wp-block-image size-large\"><img fetchpriority=\"high\" decoding=\"async\" width=\"1024\" height=\"607\" src=\"https:\/\/www.lrmm.com\/wp-content\/uploads\/2025\/01\/Julia-De-Rose_Jan2025-1024x607.png\" alt=\"\" class=\"wp-image-6053\" srcset=\"https:\/\/www.lrmm.com\/wp-content\/uploads\/2025\/01\/Julia-De-Rose_Jan2025-1024x607.png 1024w, https:\/\/www.lrmm.com\/wp-content\/uploads\/2025\/01\/Julia-De-Rose_Jan2025-300x178.png 300w, https:\/\/www.lrmm.com\/wp-content\/uploads\/2025\/01\/Julia-De-Rose_Jan2025-768x455.png 768w, https:\/\/www.lrmm.com\/wp-content\/uploads\/2025\/01\/Julia-De-Rose_Jan2025-1536x911.png 1536w, https:\/\/www.lrmm.com\/wp-content\/uploads\/2025\/01\/Julia-De-Rose_Jan2025.png 1594w\" sizes=\"(max-width: 1024px) 100vw, 1024px\" \/><\/figure>\n\n\n\n<p><\/p>\n","protected":false},"excerpt":{"rendered":"<p>F\u00e9licitations \u00e0 notre associ\u00e9e Julia De Rose pour sa nomination au poste de cheffe d&rsquo;\u00e9quipe de notre groupe d&rsquo;assurances. Depuis son arriv\u00e9e au cabinet, Julia s&rsquo;est d\u00e9marqu\u00e9e par son expertise, son leadership inspirant et son engagement envers l&rsquo;excellence. Sa nomination marque une \u00e9tape importante dans le d\u00e9veloppement de notre pratique et refl\u00e8te notre volont\u00e9 de [&hellip;]<\/p>\n","protected":false},"author":3,"featured_media":0,"comment_status":"open","ping_status":"open","sticky":false,"template":"","format":"standard","meta":{"_acf_changed":false,"footnotes":""},"categories":[202,27,44],"tags":[],"class_list":["post-6052","post","type-post","status-publish","format-standard","hentry","category-202","category-actualite-s","category-nouvelles"],"acf":[],"yoast_head":"<!-- This site is optimized with the Yoast SEO plugin v26.9 - https:\/\/yoast.com\/product\/yoast-seo-wordpress\/ -->\n<title>Julia De Rose, nomm\u00e9e cheffe d&#039;\u00e9quipe du groupe d&#039;assurances - Lapointe Rosenstein Marchand Melan\u00e7on<\/title>\n<meta name=\"robots\" content=\"index, follow, max-snippet:-1, max-image-preview:large, max-video-preview:-1\" \/>\n<link rel=\"canonical\" href=\"https:\/\/www.lrmm.com\/fr\/actualite-s\/julia-de-rose-nommee-cheffe-dequipe-du-groupe-dassurances\/\" \/>\n<meta property=\"og:locale\" content=\"fr_CA\" \/>\n<meta property=\"og:type\" content=\"article\" \/>\n<meta property=\"og:title\" content=\"Julia De Rose, nomm\u00e9e cheffe d&#039;\u00e9quipe du groupe d&#039;assurances - Lapointe Rosenstein Marchand Melan\u00e7on\" \/>\n<meta property=\"og:description\" content=\"F\u00e9licitations \u00e0 notre associ\u00e9e Julia De Rose pour sa nomination au poste de cheffe d&rsquo;\u00e9quipe de notre groupe d&rsquo;assurances. Depuis son arriv\u00e9e au cabinet, Julia s&rsquo;est d\u00e9marqu\u00e9e par son expertise, son leadership inspirant et son engagement envers l&rsquo;excellence. Sa nomination marque une \u00e9tape importante dans le d\u00e9veloppement de notre pratique et refl\u00e8te notre volont\u00e9 de [&hellip;]\" \/>\n<meta property=\"og:url\" content=\"https:\/\/www.lrmm.com\/fr\/actualite-s\/julia-de-rose-nommee-cheffe-dequipe-du-groupe-dassurances\/\" \/>\n<meta property=\"og:site_name\" content=\"Lapointe Rosenstein Marchand Melan\u00e7on\" \/>\n<meta property=\"article:published_time\" content=\"2025-01-10T21:02:46+00:00\" \/>\n<meta property=\"og:image\" content=\"https:\/\/www.lrmm.com\/wp-content\/uploads\/2025\/01\/Julia-De-Rose_Jan2025.png\" \/>\n\t<meta property=\"og:image:width\" content=\"1594\" \/>\n\t<meta property=\"og:image:height\" content=\"945\" \/>\n\t<meta property=\"og:image:type\" content=\"image\/png\" \/>\n<meta name=\"author\" content=\"Marie-Jos\u00e9e Vachon\" \/>\n<meta name=\"twitter:card\" content=\"summary_large_image\" \/>\n<meta name=\"twitter:label1\" content=\"\u00c9crit par\" \/>\n\t<meta name=\"twitter:data1\" content=\"Marie-Jos\u00e9e Vachon\" \/>\n\t<meta name=\"twitter:label2\" content=\"Estimation du temps de lecture\" \/>\n\t<meta name=\"twitter:data2\" content=\"1 minute\" \/>\n<script type=\"application\/ld+json\" class=\"yoast-schema-graph\">{\"@context\":\"https:\/\/schema.org\",\"@graph\":[{\"@type\":\"Article\",\"@id\":\"https:\/\/www.lrmm.com\/fr\/actualite-s\/julia-de-rose-nommee-cheffe-dequipe-du-groupe-dassurances\/#article\",\"isPartOf\":{\"@id\":\"https:\/\/www.lrmm.com\/fr\/actualite-s\/julia-de-rose-nommee-cheffe-dequipe-du-groupe-dassurances\/\"},\"author\":{\"name\":\"Marie-Jos\u00e9e Vachon\",\"@id\":\"https:\/\/www.lrmm.com\/fr\/#\/schema\/person\/608cea5fb7685524e61a0bd1e10eecc7\"},\"headline\":\"Julia De Rose, nomm\u00e9e cheffe d&rsquo;\u00e9quipe du groupe d&rsquo;assurances\",\"datePublished\":\"2025-01-10T21:02:46+00:00\",\"mainEntityOfPage\":{\"@id\":\"https:\/\/www.lrmm.com\/fr\/actualite-s\/julia-de-rose-nommee-cheffe-dequipe-du-groupe-dassurances\/\"},\"wordCount\":102,\"commentCount\":0,\"image\":{\"@id\":\"https:\/\/www.lrmm.com\/fr\/actualite-s\/julia-de-rose-nommee-cheffe-dequipe-du-groupe-dassurances\/#primaryimage\"},\"thumbnailUrl\":\"https:\/\/www.lrmm.com\/wp-content\/uploads\/2025\/01\/Julia-De-Rose_Jan2025-1024x607.png\",\"articleSection\":[\"2025\",\"Actualit\u00e9s\",\"Nouvelles\"],\"inLanguage\":\"fr-CA\",\"potentialAction\":[{\"@type\":\"CommentAction\",\"name\":\"Comment\",\"target\":[\"https:\/\/www.lrmm.com\/fr\/actualite-s\/julia-de-rose-nommee-cheffe-dequipe-du-groupe-dassurances\/#respond\"]}]},{\"@type\":\"WebPage\",\"@id\":\"https:\/\/www.lrmm.com\/fr\/actualite-s\/julia-de-rose-nommee-cheffe-dequipe-du-groupe-dassurances\/\",\"url\":\"https:\/\/www.lrmm.com\/fr\/actualite-s\/julia-de-rose-nommee-cheffe-dequipe-du-groupe-dassurances\/\",\"name\":\"Julia De Rose, nomm\u00e9e cheffe d'\u00e9quipe du groupe d'assurances - Lapointe Rosenstein Marchand Melan\u00e7on\",\"isPartOf\":{\"@id\":\"https:\/\/www.lrmm.com\/fr\/#website\"},\"primaryImageOfPage\":{\"@id\":\"https:\/\/www.lrmm.com\/fr\/actualite-s\/julia-de-rose-nommee-cheffe-dequipe-du-groupe-dassurances\/#primaryimage\"},\"image\":{\"@id\":\"https:\/\/www.lrmm.com\/fr\/actualite-s\/julia-de-rose-nommee-cheffe-dequipe-du-groupe-dassurances\/#primaryimage\"},\"thumbnailUrl\":\"https:\/\/www.lrmm.com\/wp-content\/uploads\/2025\/01\/Julia-De-Rose_Jan2025-1024x607.png\",\"datePublished\":\"2025-01-10T21:02:46+00:00\",\"author\":{\"@id\":\"https:\/\/www.lrmm.com\/fr\/#\/schema\/person\/608cea5fb7685524e61a0bd1e10eecc7\"},\"breadcrumb\":{\"@id\":\"https:\/\/www.lrmm.com\/fr\/actualite-s\/julia-de-rose-nommee-cheffe-dequipe-du-groupe-dassurances\/#breadcrumb\"},\"inLanguage\":\"fr-CA\",\"potentialAction\":[{\"@type\":\"ReadAction\",\"target\":[\"https:\/\/www.lrmm.com\/fr\/actualite-s\/julia-de-rose-nommee-cheffe-dequipe-du-groupe-dassurances\/\"]}]},{\"@type\":\"ImageObject\",\"inLanguage\":\"fr-CA\",\"@id\":\"https:\/\/www.lrmm.com\/fr\/actualite-s\/julia-de-rose-nommee-cheffe-dequipe-du-groupe-dassurances\/#primaryimage\",\"url\":\"https:\/\/www.lrmm.com\/wp-content\/uploads\/2025\/01\/Julia-De-Rose_Jan2025-1024x607.png\",\"contentUrl\":\"https:\/\/www.lrmm.com\/wp-content\/uploads\/2025\/01\/Julia-De-Rose_Jan2025-1024x607.png\"},{\"@type\":\"BreadcrumbList\",\"@id\":\"https:\/\/www.lrmm.com\/fr\/actualite-s\/julia-de-rose-nommee-cheffe-dequipe-du-groupe-dassurances\/#breadcrumb\",\"itemListElement\":[{\"@type\":\"ListItem\",\"position\":1,\"name\":\"Accueil\",\"item\":\"https:\/\/www.lrmm.com\/fr\/\"},{\"@type\":\"ListItem\",\"position\":2,\"name\":\"Julia De Rose, nomm\u00e9e cheffe d&rsquo;\u00e9quipe du groupe d&rsquo;assurances\"}]},{\"@type\":\"WebSite\",\"@id\":\"https:\/\/www.lrmm.com\/fr\/#website\",\"url\":\"https:\/\/www.lrmm.com\/fr\/\",\"name\":\"Lapointe Rosenstein Marchand Melan\u00e7on\",\"description\":\"\",\"potentialAction\":[{\"@type\":\"SearchAction\",\"target\":{\"@type\":\"EntryPoint\",\"urlTemplate\":\"https:\/\/www.lrmm.com\/fr\/?s={search_term_string}\"},\"query-input\":{\"@type\":\"PropertyValueSpecification\",\"valueRequired\":true,\"valueName\":\"search_term_string\"}}],\"inLanguage\":\"fr-CA\"},{\"@type\":\"Person\",\"@id\":\"https:\/\/www.lrmm.com\/fr\/#\/schema\/person\/608cea5fb7685524e61a0bd1e10eecc7\",\"name\":\"Marie-Jos\u00e9e Vachon\",\"image\":{\"@type\":\"ImageObject\",\"inLanguage\":\"fr-CA\",\"@id\":\"https:\/\/www.lrmm.com\/fr\/#\/schema\/person\/image\/\",\"url\":\"https:\/\/secure.gravatar.com\/avatar\/40130eff076af3e899c6bd110b126c3671836d81d20c935fa32a1b7a439ff9c1?s=96&d=mm&r=g\",\"contentUrl\":\"https:\/\/secure.gravatar.com\/avatar\/40130eff076af3e899c6bd110b126c3671836d81d20c935fa32a1b7a439ff9c1?s=96&d=mm&r=g\",\"caption\":\"Marie-Jos\u00e9e Vachon\"}}]}<\/script>\n<!-- \/ Yoast SEO plugin. -->","yoast_head_json":{"title":"Julia De Rose, nomm\u00e9e cheffe d'\u00e9quipe du groupe d'assurances - Lapointe Rosenstein Marchand Melan\u00e7on","robots":{"index":"index","follow":"follow","max-snippet":"max-snippet:-1","max-image-preview":"max-image-preview:large","max-video-preview":"max-video-preview:-1"},"canonical":"https:\/\/www.lrmm.com\/fr\/actualite-s\/julia-de-rose-nommee-cheffe-dequipe-du-groupe-dassurances\/","og_locale":"fr_CA","og_type":"article","og_title":"Julia De Rose, nomm\u00e9e cheffe d'\u00e9quipe du groupe d'assurances - Lapointe Rosenstein Marchand Melan\u00e7on","og_description":"F\u00e9licitations \u00e0 notre associ\u00e9e Julia De Rose pour sa nomination au poste de cheffe d&rsquo;\u00e9quipe de notre groupe d&rsquo;assurances. Depuis son arriv\u00e9e au cabinet, Julia s&rsquo;est d\u00e9marqu\u00e9e par son expertise, son leadership inspirant et son engagement envers l&rsquo;excellence. Sa nomination marque une \u00e9tape importante dans le d\u00e9veloppement de notre pratique et refl\u00e8te notre volont\u00e9 de [&hellip;]","og_url":"https:\/\/www.lrmm.com\/fr\/actualite-s\/julia-de-rose-nommee-cheffe-dequipe-du-groupe-dassurances\/","og_site_name":"Lapointe Rosenstein Marchand Melan\u00e7on","article_published_time":"2025-01-10T21:02:46+00:00","og_image":[{"width":1594,"height":945,"url":"https:\/\/www.lrmm.com\/wp-content\/uploads\/2025\/01\/Julia-De-Rose_Jan2025.png","type":"image\/png"}],"author":"Marie-Jos\u00e9e Vachon","twitter_card":"summary_large_image","twitter_misc":{"\u00c9crit par":"Marie-Jos\u00e9e Vachon","Estimation du temps de lecture":"1 minute"},"schema":{"@context":"https:\/\/schema.org","@graph":[{"@type":"Article","@id":"https:\/\/www.lrmm.com\/fr\/actualite-s\/julia-de-rose-nommee-cheffe-dequipe-du-groupe-dassurances\/#article","isPartOf":{"@id":"https:\/\/www.lrmm.com\/fr\/actualite-s\/julia-de-rose-nommee-cheffe-dequipe-du-groupe-dassurances\/"},"author":{"name":"Marie-Jos\u00e9e Vachon","@id":"https:\/\/www.lrmm.com\/fr\/#\/schema\/person\/608cea5fb7685524e61a0bd1e10eecc7"},"headline":"Julia De Rose, nomm\u00e9e cheffe d&rsquo;\u00e9quipe du groupe d&rsquo;assurances","datePublished":"2025-01-10T21:02:46+00:00","mainEntityOfPage":{"@id":"https:\/\/www.lrmm.com\/fr\/actualite-s\/julia-de-rose-nommee-cheffe-dequipe-du-groupe-dassurances\/"},"wordCount":102,"commentCount":0,"image":{"@id":"https:\/\/www.lrmm.com\/fr\/actualite-s\/julia-de-rose-nommee-cheffe-dequipe-du-groupe-dassurances\/#primaryimage"},"thumbnailUrl":"https:\/\/www.lrmm.com\/wp-content\/uploads\/2025\/01\/Julia-De-Rose_Jan2025-1024x607.png","articleSection":["2025","Actualit\u00e9s","Nouvelles"],"inLanguage":"fr-CA","potentialAction":[{"@type":"CommentAction","name":"Comment","target":["https:\/\/www.lrmm.com\/fr\/actualite-s\/julia-de-rose-nommee-cheffe-dequipe-du-groupe-dassurances\/#respond"]}]},{"@type":"WebPage","@id":"https:\/\/www.lrmm.com\/fr\/actualite-s\/julia-de-rose-nommee-cheffe-dequipe-du-groupe-dassurances\/","url":"https:\/\/www.lrmm.com\/fr\/actualite-s\/julia-de-rose-nommee-cheffe-dequipe-du-groupe-dassurances\/","name":"Julia De Rose, nomm\u00e9e cheffe d'\u00e9quipe du groupe d'assurances - Lapointe Rosenstein Marchand Melan\u00e7on","isPartOf":{"@id":"https:\/\/www.lrmm.com\/fr\/#website"},"primaryImageOfPage":{"@id":"https:\/\/www.lrmm.com\/fr\/actualite-s\/julia-de-rose-nommee-cheffe-dequipe-du-groupe-dassurances\/#primaryimage"},"image":{"@id":"https:\/\/www.lrmm.com\/fr\/actualite-s\/julia-de-rose-nommee-cheffe-dequipe-du-groupe-dassurances\/#primaryimage"},"thumbnailUrl":"https:\/\/www.lrmm.com\/wp-content\/uploads\/2025\/01\/Julia-De-Rose_Jan2025-1024x607.png","datePublished":"2025-01-10T21:02:46+00:00","author":{"@id":"https:\/\/www.lrmm.com\/fr\/#\/schema\/person\/608cea5fb7685524e61a0bd1e10eecc7"},"breadcrumb":{"@id":"https:\/\/www.lrmm.com\/fr\/actualite-s\/julia-de-rose-nommee-cheffe-dequipe-du-groupe-dassurances\/#breadcrumb"},"inLanguage":"fr-CA","potentialAction":[{"@type":"ReadAction","target":["https:\/\/www.lrmm.com\/fr\/actualite-s\/julia-de-rose-nommee-cheffe-dequipe-du-groupe-dassurances\/"]}]},{"@type":"ImageObject","inLanguage":"fr-CA","@id":"https:\/\/www.lrmm.com\/fr\/actualite-s\/julia-de-rose-nommee-cheffe-dequipe-du-groupe-dassurances\/#primaryimage","url":"https:\/\/www.lrmm.com\/wp-content\/uploads\/2025\/01\/Julia-De-Rose_Jan2025-1024x607.png","contentUrl":"https:\/\/www.lrmm.com\/wp-content\/uploads\/2025\/01\/Julia-De-Rose_Jan2025-1024x607.png"},{"@type":"BreadcrumbList","@id":"https:\/\/www.lrmm.com\/fr\/actualite-s\/julia-de-rose-nommee-cheffe-dequipe-du-groupe-dassurances\/#breadcrumb","itemListElement":[{"@type":"ListItem","position":1,"name":"Accueil","item":"https:\/\/www.lrmm.com\/fr\/"},{"@type":"ListItem","position":2,"name":"Julia De Rose, nomm\u00e9e cheffe d&rsquo;\u00e9quipe du groupe d&rsquo;assurances"}]},{"@type":"WebSite","@id":"https:\/\/www.lrmm.com\/fr\/#website","url":"https:\/\/www.lrmm.com\/fr\/","name":"Lapointe Rosenstein Marchand Melan\u00e7on","description":"","potentialAction":[{"@type":"SearchAction","target":{"@type":"EntryPoint","urlTemplate":"https:\/\/www.lrmm.com\/fr\/?s={search_term_string}"},"query-input":{"@type":"PropertyValueSpecification","valueRequired":true,"valueName":"search_term_string"}}],"inLanguage":"fr-CA"},{"@type":"Person","@id":"https:\/\/www.lrmm.com\/fr\/#\/schema\/person\/608cea5fb7685524e61a0bd1e10eecc7","name":"Marie-Jos\u00e9e Vachon","image":{"@type":"ImageObject","inLanguage":"fr-CA","@id":"https:\/\/www.lrmm.com\/fr\/#\/schema\/person\/image\/","url":"https:\/\/secure.gravatar.com\/avatar\/40130eff076af3e899c6bd110b126c3671836d81d20c935fa32a1b7a439ff9c1?s=96&d=mm&r=g","contentUrl":"https:\/\/secure.gravatar.com\/avatar\/40130eff076af3e899c6bd110b126c3671836d81d20c935fa32a1b7a439ff9c1?s=96&d=mm&r=g","caption":"Marie-Jos\u00e9e Vachon"}}]}},"_links":{"self":[{"href":"https:\/\/www.lrmm.com\/fr\/wp-json\/wp\/v2\/posts\/6052","targetHints":{"allow":["GET"]}}],"collection":[{"href":"https:\/\/www.lrmm.com\/fr\/wp-json\/wp\/v2\/posts"}],"about":[{"href":"https:\/\/www.lrmm.com\/fr\/wp-json\/wp\/v2\/types\/post"}],"author":[{"embeddable":true,"href":"https:\/\/www.lrmm.com\/fr\/wp-json\/wp\/v2\/users\/3"}],"replies":[{"embeddable":true,"href":"https:\/\/www.lrmm.com\/fr\/wp-json\/wp\/v2\/comments?post=6052"}],"version-history":[{"count":1,"href":"https:\/\/www.lrmm.com\/fr\/wp-json\/wp\/v2\/posts\/6052\/revisions"}],"predecessor-version":[{"id":6055,"href":"https:\/\/www.lrmm.com\/fr\/wp-json\/wp\/v2\/posts\/6052\/revisions\/6055"}],"wp:attachment":[{"href":"https:\/\/www.lrmm.com\/fr\/wp-json\/wp\/v2\/media?parent=6052"}],"wp:term":[{"taxonomy":"category","embeddable":true,"href":"https:\/\/www.lrmm.com\/fr\/wp-json\/wp\/v2\/categories?post=6052"},{"taxonomy":"post_tag","embeddable":true,"href":"https:\/\/www.lrmm.com\/fr\/wp-json\/wp\/v2\/tags?post=6052"}],"curies":[{"name":"wp","href":"https:\/\/api.w.org\/{rel}","templated":true}]}}