{"id":1066,"date":"2018-07-25T00:00:00","date_gmt":"2022-03-10T02:46:58","guid":{"rendered":"https:\/\/www.lrmm.com\/stephanie-marcotte-nouvelle-avocate-au-sein-du-cabinet\/"},"modified":"2022-03-10T00:21:50","modified_gmt":"2022-03-10T05:21:50","slug":"stephanie-marcotte-nouvelle-avocate-au-sein-du-cabinet","status":"publish","type":"post","link":"https:\/\/www.lrmm.com\/fr\/actualite-s\/nouvelles\/2018-nouvelles\/stephanie-marcotte-nouvelle-avocate-au-sein-du-cabinet\/","title":{"rendered":"St\u00e9phanie Marcotte &#8211; Nouvelle avocate au sein du cabinet"},"content":{"rendered":"<p> Nous sommes heureux d\u2019annoncer que St\u00e9phanie Marcotte vient d\u2019\u00eatre embauch\u00e9e apr\u00e8s avoir compl\u00e9t\u00e9 son stage \u00e0 nos bureaux. Elle pratiquera au sein du groupe Droit du travail et de l\u2019emploi.<\/p>\n<p>St\u00e9phanie a suivi sa formation en droit \u00e0 l\u2019Universit\u00e9 de Montr\u00e9al avant de compl\u00e9ter l\u2019\u00e9cole du Barreau du Qu\u00e9bec. Naturellement curieuse et avare de d\u00e9fis, elle a \u00e9galement \u00e9tudi\u00e9 le droit chinois \u00e0 la China University of Political Science and Law de Beijing avant d\u2019entreprendre un stage d\u2019un mois dans un cabinet chinois ax\u00e9 sur le droit des affaires. Elle a \u00e9galement particip\u00e9 \u00e0 un \u00e9change \u00e9tudiant \u00e0 Bologne en Italie o\u00f9 elle s\u2019est familiaris\u00e9e avec le droit europ\u00e9en.<\/p>\n<p>\u00a0<\/p>\n<p style=\"text-align: center;\"><img fetchpriority=\"high\" decoding=\"async\" src=\"\/CMS\/MediaFree\/image\/Felicitations%20Stephanie%20Marcotte.JPG\" width=\"550\" height=\"345\" alt=\"\"><\/p>\n","protected":false},"excerpt":{"rendered":"<p>Nous sommes heureux d\u2019annoncer que St\u00e9phanie Marcotte vient d\u2019\u00eatre embauch\u00e9e apr\u00e8s avoir compl\u00e9t\u00e9 son stage \u00e0 nos bureaux. Elle pratiquera au sein du groupe Droit du travail et de l\u2019emploi. St\u00e9phanie a suivi sa formation en droit \u00e0 l\u2019Universit\u00e9 de Montr\u00e9al avant de compl\u00e9ter l\u2019\u00e9cole du Barreau du Qu\u00e9bec. Naturellement curieuse et avare de d\u00e9fis, [&hellip;]<\/p>\n","protected":false},"author":1,"featured_media":0,"comment_status":"open","ping_status":"open","sticky":false,"template":"","format":"standard","meta":{"_acf_changed":false,"footnotes":""},"categories":[53,27,44],"tags":[],"class_list":["post-1066","post","type-post","status-publish","format-standard","hentry","category-2018-nouvelles","category-actualite-s","category-nouvelles"],"acf":[],"yoast_head":"<!-- This site is optimized with the Yoast SEO plugin v26.9 - https:\/\/yoast.com\/product\/yoast-seo-wordpress\/ -->\n<title>St\u00e9phanie Marcotte - Nouvelle avocate au sein du cabinet - Lapointe Rosenstein Marchand Melan\u00e7on<\/title>\n<meta name=\"robots\" content=\"index, follow, max-snippet:-1, max-image-preview:large, max-video-preview:-1\" \/>\n<link rel=\"canonical\" href=\"https:\/\/www.lrmm.com\/fr\/actualite-s\/nouvelles\/2018-nouvelles\/stephanie-marcotte-nouvelle-avocate-au-sein-du-cabinet\/\" \/>\n<meta property=\"og:locale\" content=\"fr_CA\" \/>\n<meta property=\"og:type\" content=\"article\" \/>\n<meta property=\"og:title\" content=\"St\u00e9phanie Marcotte - Nouvelle avocate au sein du cabinet - Lapointe Rosenstein Marchand Melan\u00e7on\" \/>\n<meta property=\"og:description\" content=\"Nous sommes heureux d\u2019annoncer que St\u00e9phanie Marcotte vient d\u2019\u00eatre embauch\u00e9e apr\u00e8s avoir compl\u00e9t\u00e9 son stage \u00e0 nos bureaux. Elle pratiquera au sein du groupe Droit du travail et de l\u2019emploi. St\u00e9phanie a suivi sa formation en droit \u00e0 l\u2019Universit\u00e9 de Montr\u00e9al avant de compl\u00e9ter l\u2019\u00e9cole du Barreau du Qu\u00e9bec. Naturellement curieuse et avare de d\u00e9fis, [&hellip;]\" \/>\n<meta property=\"og:url\" content=\"https:\/\/www.lrmm.com\/fr\/actualite-s\/nouvelles\/2018-nouvelles\/stephanie-marcotte-nouvelle-avocate-au-sein-du-cabinet\/\" \/>\n<meta property=\"og:site_name\" content=\"Lapointe Rosenstein Marchand Melan\u00e7on\" \/>\n<meta property=\"article:published_time\" content=\"2022-03-10T02:46:58+00:00\" \/>\n<meta property=\"article:modified_time\" content=\"2022-03-10T05:21:50+00:00\" \/>\n<meta name=\"author\" content=\"mlbwdev\" \/>\n<meta name=\"twitter:card\" content=\"summary_large_image\" \/>\n<meta name=\"twitter:label1\" content=\"\u00c9crit par\" \/>\n\t<meta name=\"twitter:data1\" content=\"mlbwdev\" \/>\n\t<meta name=\"twitter:label2\" content=\"Estimation du temps de lecture\" \/>\n\t<meta name=\"twitter:data2\" content=\"1 minute\" \/>\n<script type=\"application\/ld+json\" class=\"yoast-schema-graph\">{\"@context\":\"https:\/\/schema.org\",\"@graph\":[{\"@type\":\"Article\",\"@id\":\"https:\/\/www.lrmm.com\/fr\/actualite-s\/nouvelles\/2018-nouvelles\/stephanie-marcotte-nouvelle-avocate-au-sein-du-cabinet\/#article\",\"isPartOf\":{\"@id\":\"https:\/\/www.lrmm.com\/fr\/actualite-s\/nouvelles\/2018-nouvelles\/stephanie-marcotte-nouvelle-avocate-au-sein-du-cabinet\/\"},\"author\":{\"name\":\"mlbwdev\",\"@id\":\"https:\/\/www.lrmm.com\/fr\/#\/schema\/person\/a494b773bde4003555adf65ea3a908b2\"},\"headline\":\"St\u00e9phanie Marcotte &#8211; Nouvelle avocate au sein du cabinet\",\"datePublished\":\"2022-03-10T02:46:58+00:00\",\"dateModified\":\"2022-03-10T05:21:50+00:00\",\"mainEntityOfPage\":{\"@id\":\"https:\/\/www.lrmm.com\/fr\/actualite-s\/nouvelles\/2018-nouvelles\/stephanie-marcotte-nouvelle-avocate-au-sein-du-cabinet\/\"},\"wordCount\":133,\"commentCount\":0,\"articleSection\":[\"2018\",\"Actualit\u00e9s\",\"Nouvelles\"],\"inLanguage\":\"fr-CA\",\"potentialAction\":[{\"@type\":\"CommentAction\",\"name\":\"Comment\",\"target\":[\"https:\/\/www.lrmm.com\/fr\/actualite-s\/nouvelles\/2018-nouvelles\/stephanie-marcotte-nouvelle-avocate-au-sein-du-cabinet\/#respond\"]}]},{\"@type\":\"WebPage\",\"@id\":\"https:\/\/www.lrmm.com\/fr\/actualite-s\/nouvelles\/2018-nouvelles\/stephanie-marcotte-nouvelle-avocate-au-sein-du-cabinet\/\",\"url\":\"https:\/\/www.lrmm.com\/fr\/actualite-s\/nouvelles\/2018-nouvelles\/stephanie-marcotte-nouvelle-avocate-au-sein-du-cabinet\/\",\"name\":\"St\u00e9phanie Marcotte - Nouvelle avocate au sein du cabinet - Lapointe Rosenstein Marchand Melan\u00e7on\",\"isPartOf\":{\"@id\":\"https:\/\/www.lrmm.com\/fr\/#website\"},\"datePublished\":\"2022-03-10T02:46:58+00:00\",\"dateModified\":\"2022-03-10T05:21:50+00:00\",\"author\":{\"@id\":\"https:\/\/www.lrmm.com\/fr\/#\/schema\/person\/a494b773bde4003555adf65ea3a908b2\"},\"breadcrumb\":{\"@id\":\"https:\/\/www.lrmm.com\/fr\/actualite-s\/nouvelles\/2018-nouvelles\/stephanie-marcotte-nouvelle-avocate-au-sein-du-cabinet\/#breadcrumb\"},\"inLanguage\":\"fr-CA\",\"potentialAction\":[{\"@type\":\"ReadAction\",\"target\":[\"https:\/\/www.lrmm.com\/fr\/actualite-s\/nouvelles\/2018-nouvelles\/stephanie-marcotte-nouvelle-avocate-au-sein-du-cabinet\/\"]}]},{\"@type\":\"BreadcrumbList\",\"@id\":\"https:\/\/www.lrmm.com\/fr\/actualite-s\/nouvelles\/2018-nouvelles\/stephanie-marcotte-nouvelle-avocate-au-sein-du-cabinet\/#breadcrumb\",\"itemListElement\":[{\"@type\":\"ListItem\",\"position\":1,\"name\":\"Accueil\",\"item\":\"https:\/\/www.lrmm.com\/fr\/\"},{\"@type\":\"ListItem\",\"position\":2,\"name\":\"St\u00e9phanie Marcotte &#8211; Nouvelle avocate au sein du cabinet\"}]},{\"@type\":\"WebSite\",\"@id\":\"https:\/\/www.lrmm.com\/fr\/#website\",\"url\":\"https:\/\/www.lrmm.com\/fr\/\",\"name\":\"Lapointe Rosenstein Marchand Melan\u00e7on\",\"description\":\"\",\"potentialAction\":[{\"@type\":\"SearchAction\",\"target\":{\"@type\":\"EntryPoint\",\"urlTemplate\":\"https:\/\/www.lrmm.com\/fr\/?s={search_term_string}\"},\"query-input\":{\"@type\":\"PropertyValueSpecification\",\"valueRequired\":true,\"valueName\":\"search_term_string\"}}],\"inLanguage\":\"fr-CA\"},{\"@type\":\"Person\",\"@id\":\"https:\/\/www.lrmm.com\/fr\/#\/schema\/person\/a494b773bde4003555adf65ea3a908b2\",\"name\":\"mlbwdev\",\"image\":{\"@type\":\"ImageObject\",\"inLanguage\":\"fr-CA\",\"@id\":\"https:\/\/www.lrmm.com\/fr\/#\/schema\/person\/image\/\",\"url\":\"https:\/\/secure.gravatar.com\/avatar\/8ac5052f5b8214925aa49a0e82e9cfb1105700e37a07755ea489abcaad17c9d9?s=96&d=mm&r=g\",\"contentUrl\":\"https:\/\/secure.gravatar.com\/avatar\/8ac5052f5b8214925aa49a0e82e9cfb1105700e37a07755ea489abcaad17c9d9?s=96&d=mm&r=g\",\"caption\":\"mlbwdev\"}}]}<\/script>\n<!-- \/ Yoast SEO plugin. -->","yoast_head_json":{"title":"St\u00e9phanie Marcotte - Nouvelle avocate au sein du cabinet - Lapointe Rosenstein Marchand Melan\u00e7on","robots":{"index":"index","follow":"follow","max-snippet":"max-snippet:-1","max-image-preview":"max-image-preview:large","max-video-preview":"max-video-preview:-1"},"canonical":"https:\/\/www.lrmm.com\/fr\/actualite-s\/nouvelles\/2018-nouvelles\/stephanie-marcotte-nouvelle-avocate-au-sein-du-cabinet\/","og_locale":"fr_CA","og_type":"article","og_title":"St\u00e9phanie Marcotte - Nouvelle avocate au sein du cabinet - Lapointe Rosenstein Marchand Melan\u00e7on","og_description":"Nous sommes heureux d\u2019annoncer que St\u00e9phanie Marcotte vient d\u2019\u00eatre embauch\u00e9e apr\u00e8s avoir compl\u00e9t\u00e9 son stage \u00e0 nos bureaux. Elle pratiquera au sein du groupe Droit du travail et de l\u2019emploi. St\u00e9phanie a suivi sa formation en droit \u00e0 l\u2019Universit\u00e9 de Montr\u00e9al avant de compl\u00e9ter l\u2019\u00e9cole du Barreau du Qu\u00e9bec. Naturellement curieuse et avare de d\u00e9fis, [&hellip;]","og_url":"https:\/\/www.lrmm.com\/fr\/actualite-s\/nouvelles\/2018-nouvelles\/stephanie-marcotte-nouvelle-avocate-au-sein-du-cabinet\/","og_site_name":"Lapointe Rosenstein Marchand Melan\u00e7on","article_published_time":"2022-03-10T02:46:58+00:00","article_modified_time":"2022-03-10T05:21:50+00:00","author":"mlbwdev","twitter_card":"summary_large_image","twitter_misc":{"\u00c9crit par":"mlbwdev","Estimation du temps de lecture":"1 minute"},"schema":{"@context":"https:\/\/schema.org","@graph":[{"@type":"Article","@id":"https:\/\/www.lrmm.com\/fr\/actualite-s\/nouvelles\/2018-nouvelles\/stephanie-marcotte-nouvelle-avocate-au-sein-du-cabinet\/#article","isPartOf":{"@id":"https:\/\/www.lrmm.com\/fr\/actualite-s\/nouvelles\/2018-nouvelles\/stephanie-marcotte-nouvelle-avocate-au-sein-du-cabinet\/"},"author":{"name":"mlbwdev","@id":"https:\/\/www.lrmm.com\/fr\/#\/schema\/person\/a494b773bde4003555adf65ea3a908b2"},"headline":"St\u00e9phanie Marcotte &#8211; Nouvelle avocate au sein du cabinet","datePublished":"2022-03-10T02:46:58+00:00","dateModified":"2022-03-10T05:21:50+00:00","mainEntityOfPage":{"@id":"https:\/\/www.lrmm.com\/fr\/actualite-s\/nouvelles\/2018-nouvelles\/stephanie-marcotte-nouvelle-avocate-au-sein-du-cabinet\/"},"wordCount":133,"commentCount":0,"articleSection":["2018","Actualit\u00e9s","Nouvelles"],"inLanguage":"fr-CA","potentialAction":[{"@type":"CommentAction","name":"Comment","target":["https:\/\/www.lrmm.com\/fr\/actualite-s\/nouvelles\/2018-nouvelles\/stephanie-marcotte-nouvelle-avocate-au-sein-du-cabinet\/#respond"]}]},{"@type":"WebPage","@id":"https:\/\/www.lrmm.com\/fr\/actualite-s\/nouvelles\/2018-nouvelles\/stephanie-marcotte-nouvelle-avocate-au-sein-du-cabinet\/","url":"https:\/\/www.lrmm.com\/fr\/actualite-s\/nouvelles\/2018-nouvelles\/stephanie-marcotte-nouvelle-avocate-au-sein-du-cabinet\/","name":"St\u00e9phanie Marcotte - Nouvelle avocate au sein du cabinet - Lapointe Rosenstein Marchand Melan\u00e7on","isPartOf":{"@id":"https:\/\/www.lrmm.com\/fr\/#website"},"datePublished":"2022-03-10T02:46:58+00:00","dateModified":"2022-03-10T05:21:50+00:00","author":{"@id":"https:\/\/www.lrmm.com\/fr\/#\/schema\/person\/a494b773bde4003555adf65ea3a908b2"},"breadcrumb":{"@id":"https:\/\/www.lrmm.com\/fr\/actualite-s\/nouvelles\/2018-nouvelles\/stephanie-marcotte-nouvelle-avocate-au-sein-du-cabinet\/#breadcrumb"},"inLanguage":"fr-CA","potentialAction":[{"@type":"ReadAction","target":["https:\/\/www.lrmm.com\/fr\/actualite-s\/nouvelles\/2018-nouvelles\/stephanie-marcotte-nouvelle-avocate-au-sein-du-cabinet\/"]}]},{"@type":"BreadcrumbList","@id":"https:\/\/www.lrmm.com\/fr\/actualite-s\/nouvelles\/2018-nouvelles\/stephanie-marcotte-nouvelle-avocate-au-sein-du-cabinet\/#breadcrumb","itemListElement":[{"@type":"ListItem","position":1,"name":"Accueil","item":"https:\/\/www.lrmm.com\/fr\/"},{"@type":"ListItem","position":2,"name":"St\u00e9phanie Marcotte &#8211; Nouvelle avocate au sein du cabinet"}]},{"@type":"WebSite","@id":"https:\/\/www.lrmm.com\/fr\/#website","url":"https:\/\/www.lrmm.com\/fr\/","name":"Lapointe Rosenstein Marchand Melan\u00e7on","description":"","potentialAction":[{"@type":"SearchAction","target":{"@type":"EntryPoint","urlTemplate":"https:\/\/www.lrmm.com\/fr\/?s={search_term_string}"},"query-input":{"@type":"PropertyValueSpecification","valueRequired":true,"valueName":"search_term_string"}}],"inLanguage":"fr-CA"},{"@type":"Person","@id":"https:\/\/www.lrmm.com\/fr\/#\/schema\/person\/a494b773bde4003555adf65ea3a908b2","name":"mlbwdev","image":{"@type":"ImageObject","inLanguage":"fr-CA","@id":"https:\/\/www.lrmm.com\/fr\/#\/schema\/person\/image\/","url":"https:\/\/secure.gravatar.com\/avatar\/8ac5052f5b8214925aa49a0e82e9cfb1105700e37a07755ea489abcaad17c9d9?s=96&d=mm&r=g","contentUrl":"https:\/\/secure.gravatar.com\/avatar\/8ac5052f5b8214925aa49a0e82e9cfb1105700e37a07755ea489abcaad17c9d9?s=96&d=mm&r=g","caption":"mlbwdev"}}]}},"_links":{"self":[{"href":"https:\/\/www.lrmm.com\/fr\/wp-json\/wp\/v2\/posts\/1066","targetHints":{"allow":["GET"]}}],"collection":[{"href":"https:\/\/www.lrmm.com\/fr\/wp-json\/wp\/v2\/posts"}],"about":[{"href":"https:\/\/www.lrmm.com\/fr\/wp-json\/wp\/v2\/types\/post"}],"author":[{"embeddable":true,"href":"https:\/\/www.lrmm.com\/fr\/wp-json\/wp\/v2\/users\/1"}],"replies":[{"embeddable":true,"href":"https:\/\/www.lrmm.com\/fr\/wp-json\/wp\/v2\/comments?post=1066"}],"version-history":[{"count":0,"href":"https:\/\/www.lrmm.com\/fr\/wp-json\/wp\/v2\/posts\/1066\/revisions"}],"wp:attachment":[{"href":"https:\/\/www.lrmm.com\/fr\/wp-json\/wp\/v2\/media?parent=1066"}],"wp:term":[{"taxonomy":"category","embeddable":true,"href":"https:\/\/www.lrmm.com\/fr\/wp-json\/wp\/v2\/categories?post=1066"},{"taxonomy":"post_tag","embeddable":true,"href":"https:\/\/www.lrmm.com\/fr\/wp-json\/wp\/v2\/tags?post=1066"}],"curies":[{"name":"wp","href":"https:\/\/api.w.org\/{rel}","templated":true}]}}