{"id":1063,"date":"2018-12-18T00:00:00","date_gmt":"2022-03-10T02:46:58","guid":{"rendered":"https:\/\/www.lrmm.com\/selena-lu-membre-du-comite-consultatif-communautaire-daeroports-de-montreal\/"},"modified":"2022-03-10T00:21:50","modified_gmt":"2022-03-10T05:21:50","slug":"selena-lu-membre-du-comite-consultatif-communautaire-daeroports-de-montreal","status":"publish","type":"post","link":"https:\/\/www.lrmm.com\/fr\/actualite-s\/nouvelles\/2018-nouvelles\/selena-lu-membre-du-comite-consultatif-communautaire-daeroports-de-montreal\/","title":{"rendered":"Selena Lu &#8211; Membre du Comit\u00e9 consultatif communautaire d\u2019A\u00e9roports de Montr\u00e9al"},"content":{"rendered":"<p> Le 22 novembre dernier, le conseil d\u2019administration d\u2019A\u00e9roports de Montr\u00e9al a adopt\u00e9, lors de sa r\u00e9union, une r\u00e9solution nommant les membres du Comit\u00e9 consultatif communautaire d\u2019A\u00e9roports de Montr\u00e9al, dont fera partie Selena Lu.<\/p>\n<p>Le Comit\u00e9 consultatif communautaire, qui soutient le Conseil d\u2019administration d\u2019A\u00e9roports de Montr\u00e9al, a notamment pour mandat de permettre un dialogue efficace sur les questions li\u00e9es aux a\u00e9roports de Montr\u00e9al ainsi que d\u2019\u00e9tudier certains aspects de la planification et des questions op\u00e9rationnelles.<\/p>\n","protected":false},"excerpt":{"rendered":"<p>Le 22 novembre dernier, le conseil d\u2019administration d\u2019A\u00e9roports de Montr\u00e9al a adopt\u00e9, lors de sa r\u00e9union, une r\u00e9solution nommant les membres du Comit\u00e9 consultatif communautaire d\u2019A\u00e9roports de Montr\u00e9al, dont fera partie Selena Lu. Le Comit\u00e9 consultatif communautaire, qui soutient le Conseil d\u2019administration d\u2019A\u00e9roports de Montr\u00e9al, a notamment pour mandat de permettre un dialogue efficace sur [&hellip;]<\/p>\n","protected":false},"author":1,"featured_media":0,"comment_status":"open","ping_status":"open","sticky":false,"template":"","format":"standard","meta":{"_acf_changed":false,"footnotes":""},"categories":[53,27,44],"tags":[],"class_list":["post-1063","post","type-post","status-publish","format-standard","hentry","category-2018-nouvelles","category-actualite-s","category-nouvelles"],"acf":[],"yoast_head":"<!-- This site is optimized with the Yoast SEO plugin v26.9 - https:\/\/yoast.com\/product\/yoast-seo-wordpress\/ -->\n<title>Selena Lu - Membre du Comit\u00e9 consultatif communautaire d\u2019A\u00e9roports de Montr\u00e9al - Lapointe Rosenstein Marchand Melan\u00e7on<\/title>\n<meta name=\"robots\" content=\"index, follow, max-snippet:-1, max-image-preview:large, max-video-preview:-1\" \/>\n<link rel=\"canonical\" href=\"https:\/\/www.lrmm.com\/fr\/actualite-s\/nouvelles\/2018-nouvelles\/selena-lu-membre-du-comite-consultatif-communautaire-daeroports-de-montreal\/\" \/>\n<meta property=\"og:locale\" content=\"fr_CA\" \/>\n<meta property=\"og:type\" content=\"article\" \/>\n<meta property=\"og:title\" content=\"Selena Lu - Membre du Comit\u00e9 consultatif communautaire d\u2019A\u00e9roports de Montr\u00e9al - Lapointe Rosenstein Marchand Melan\u00e7on\" \/>\n<meta property=\"og:description\" content=\"Le 22 novembre dernier, le conseil d\u2019administration d\u2019A\u00e9roports de Montr\u00e9al a adopt\u00e9, lors de sa r\u00e9union, une r\u00e9solution nommant les membres du Comit\u00e9 consultatif communautaire d\u2019A\u00e9roports de Montr\u00e9al, dont fera partie Selena Lu. Le Comit\u00e9 consultatif communautaire, qui soutient le Conseil d\u2019administration d\u2019A\u00e9roports de Montr\u00e9al, a notamment pour mandat de permettre un dialogue efficace sur [&hellip;]\" \/>\n<meta property=\"og:url\" content=\"https:\/\/www.lrmm.com\/fr\/actualite-s\/nouvelles\/2018-nouvelles\/selena-lu-membre-du-comite-consultatif-communautaire-daeroports-de-montreal\/\" \/>\n<meta property=\"og:site_name\" content=\"Lapointe Rosenstein Marchand Melan\u00e7on\" \/>\n<meta property=\"article:published_time\" content=\"2022-03-10T02:46:58+00:00\" \/>\n<meta property=\"article:modified_time\" content=\"2022-03-10T05:21:50+00:00\" \/>\n<meta name=\"author\" content=\"mlbwdev\" \/>\n<meta name=\"twitter:card\" content=\"summary_large_image\" \/>\n<meta name=\"twitter:label1\" content=\"\u00c9crit par\" \/>\n\t<meta name=\"twitter:data1\" content=\"mlbwdev\" \/>\n<script type=\"application\/ld+json\" class=\"yoast-schema-graph\">{\"@context\":\"https:\/\/schema.org\",\"@graph\":[{\"@type\":\"Article\",\"@id\":\"https:\/\/www.lrmm.com\/fr\/actualite-s\/nouvelles\/2018-nouvelles\/selena-lu-membre-du-comite-consultatif-communautaire-daeroports-de-montreal\/#article\",\"isPartOf\":{\"@id\":\"https:\/\/www.lrmm.com\/fr\/actualite-s\/nouvelles\/2018-nouvelles\/selena-lu-membre-du-comite-consultatif-communautaire-daeroports-de-montreal\/\"},\"author\":{\"name\":\"mlbwdev\",\"@id\":\"https:\/\/www.lrmm.com\/fr\/#\/schema\/person\/a494b773bde4003555adf65ea3a908b2\"},\"headline\":\"Selena Lu &#8211; Membre du Comit\u00e9 consultatif communautaire d\u2019A\u00e9roports de Montr\u00e9al\",\"datePublished\":\"2022-03-10T02:46:58+00:00\",\"dateModified\":\"2022-03-10T05:21:50+00:00\",\"mainEntityOfPage\":{\"@id\":\"https:\/\/www.lrmm.com\/fr\/actualite-s\/nouvelles\/2018-nouvelles\/selena-lu-membre-du-comite-consultatif-communautaire-daeroports-de-montreal\/\"},\"wordCount\":105,\"commentCount\":0,\"articleSection\":[\"2018\",\"Actualit\u00e9s\",\"Nouvelles\"],\"inLanguage\":\"fr-CA\",\"potentialAction\":[{\"@type\":\"CommentAction\",\"name\":\"Comment\",\"target\":[\"https:\/\/www.lrmm.com\/fr\/actualite-s\/nouvelles\/2018-nouvelles\/selena-lu-membre-du-comite-consultatif-communautaire-daeroports-de-montreal\/#respond\"]}]},{\"@type\":\"WebPage\",\"@id\":\"https:\/\/www.lrmm.com\/fr\/actualite-s\/nouvelles\/2018-nouvelles\/selena-lu-membre-du-comite-consultatif-communautaire-daeroports-de-montreal\/\",\"url\":\"https:\/\/www.lrmm.com\/fr\/actualite-s\/nouvelles\/2018-nouvelles\/selena-lu-membre-du-comite-consultatif-communautaire-daeroports-de-montreal\/\",\"name\":\"Selena Lu - Membre du Comit\u00e9 consultatif communautaire d\u2019A\u00e9roports de Montr\u00e9al - Lapointe Rosenstein Marchand Melan\u00e7on\",\"isPartOf\":{\"@id\":\"https:\/\/www.lrmm.com\/fr\/#website\"},\"datePublished\":\"2022-03-10T02:46:58+00:00\",\"dateModified\":\"2022-03-10T05:21:50+00:00\",\"author\":{\"@id\":\"https:\/\/www.lrmm.com\/fr\/#\/schema\/person\/a494b773bde4003555adf65ea3a908b2\"},\"breadcrumb\":{\"@id\":\"https:\/\/www.lrmm.com\/fr\/actualite-s\/nouvelles\/2018-nouvelles\/selena-lu-membre-du-comite-consultatif-communautaire-daeroports-de-montreal\/#breadcrumb\"},\"inLanguage\":\"fr-CA\",\"potentialAction\":[{\"@type\":\"ReadAction\",\"target\":[\"https:\/\/www.lrmm.com\/fr\/actualite-s\/nouvelles\/2018-nouvelles\/selena-lu-membre-du-comite-consultatif-communautaire-daeroports-de-montreal\/\"]}]},{\"@type\":\"BreadcrumbList\",\"@id\":\"https:\/\/www.lrmm.com\/fr\/actualite-s\/nouvelles\/2018-nouvelles\/selena-lu-membre-du-comite-consultatif-communautaire-daeroports-de-montreal\/#breadcrumb\",\"itemListElement\":[{\"@type\":\"ListItem\",\"position\":1,\"name\":\"Accueil\",\"item\":\"https:\/\/www.lrmm.com\/fr\/\"},{\"@type\":\"ListItem\",\"position\":2,\"name\":\"Selena Lu &#8211; Membre du Comit\u00e9 consultatif communautaire d\u2019A\u00e9roports de Montr\u00e9al\"}]},{\"@type\":\"WebSite\",\"@id\":\"https:\/\/www.lrmm.com\/fr\/#website\",\"url\":\"https:\/\/www.lrmm.com\/fr\/\",\"name\":\"Lapointe Rosenstein Marchand Melan\u00e7on\",\"description\":\"\",\"potentialAction\":[{\"@type\":\"SearchAction\",\"target\":{\"@type\":\"EntryPoint\",\"urlTemplate\":\"https:\/\/www.lrmm.com\/fr\/?s={search_term_string}\"},\"query-input\":{\"@type\":\"PropertyValueSpecification\",\"valueRequired\":true,\"valueName\":\"search_term_string\"}}],\"inLanguage\":\"fr-CA\"},{\"@type\":\"Person\",\"@id\":\"https:\/\/www.lrmm.com\/fr\/#\/schema\/person\/a494b773bde4003555adf65ea3a908b2\",\"name\":\"mlbwdev\",\"image\":{\"@type\":\"ImageObject\",\"inLanguage\":\"fr-CA\",\"@id\":\"https:\/\/www.lrmm.com\/fr\/#\/schema\/person\/image\/\",\"url\":\"https:\/\/secure.gravatar.com\/avatar\/8ac5052f5b8214925aa49a0e82e9cfb1105700e37a07755ea489abcaad17c9d9?s=96&d=mm&r=g\",\"contentUrl\":\"https:\/\/secure.gravatar.com\/avatar\/8ac5052f5b8214925aa49a0e82e9cfb1105700e37a07755ea489abcaad17c9d9?s=96&d=mm&r=g\",\"caption\":\"mlbwdev\"}}]}<\/script>\n<!-- \/ Yoast SEO plugin. -->","yoast_head_json":{"title":"Selena Lu - Membre du Comit\u00e9 consultatif communautaire d\u2019A\u00e9roports de Montr\u00e9al - Lapointe Rosenstein Marchand Melan\u00e7on","robots":{"index":"index","follow":"follow","max-snippet":"max-snippet:-1","max-image-preview":"max-image-preview:large","max-video-preview":"max-video-preview:-1"},"canonical":"https:\/\/www.lrmm.com\/fr\/actualite-s\/nouvelles\/2018-nouvelles\/selena-lu-membre-du-comite-consultatif-communautaire-daeroports-de-montreal\/","og_locale":"fr_CA","og_type":"article","og_title":"Selena Lu - Membre du Comit\u00e9 consultatif communautaire d\u2019A\u00e9roports de Montr\u00e9al - Lapointe Rosenstein Marchand Melan\u00e7on","og_description":"Le 22 novembre dernier, le conseil d\u2019administration d\u2019A\u00e9roports de Montr\u00e9al a adopt\u00e9, lors de sa r\u00e9union, une r\u00e9solution nommant les membres du Comit\u00e9 consultatif communautaire d\u2019A\u00e9roports de Montr\u00e9al, dont fera partie Selena Lu. Le Comit\u00e9 consultatif communautaire, qui soutient le Conseil d\u2019administration d\u2019A\u00e9roports de Montr\u00e9al, a notamment pour mandat de permettre un dialogue efficace sur [&hellip;]","og_url":"https:\/\/www.lrmm.com\/fr\/actualite-s\/nouvelles\/2018-nouvelles\/selena-lu-membre-du-comite-consultatif-communautaire-daeroports-de-montreal\/","og_site_name":"Lapointe Rosenstein Marchand Melan\u00e7on","article_published_time":"2022-03-10T02:46:58+00:00","article_modified_time":"2022-03-10T05:21:50+00:00","author":"mlbwdev","twitter_card":"summary_large_image","twitter_misc":{"\u00c9crit par":"mlbwdev"},"schema":{"@context":"https:\/\/schema.org","@graph":[{"@type":"Article","@id":"https:\/\/www.lrmm.com\/fr\/actualite-s\/nouvelles\/2018-nouvelles\/selena-lu-membre-du-comite-consultatif-communautaire-daeroports-de-montreal\/#article","isPartOf":{"@id":"https:\/\/www.lrmm.com\/fr\/actualite-s\/nouvelles\/2018-nouvelles\/selena-lu-membre-du-comite-consultatif-communautaire-daeroports-de-montreal\/"},"author":{"name":"mlbwdev","@id":"https:\/\/www.lrmm.com\/fr\/#\/schema\/person\/a494b773bde4003555adf65ea3a908b2"},"headline":"Selena Lu &#8211; Membre du Comit\u00e9 consultatif communautaire d\u2019A\u00e9roports de Montr\u00e9al","datePublished":"2022-03-10T02:46:58+00:00","dateModified":"2022-03-10T05:21:50+00:00","mainEntityOfPage":{"@id":"https:\/\/www.lrmm.com\/fr\/actualite-s\/nouvelles\/2018-nouvelles\/selena-lu-membre-du-comite-consultatif-communautaire-daeroports-de-montreal\/"},"wordCount":105,"commentCount":0,"articleSection":["2018","Actualit\u00e9s","Nouvelles"],"inLanguage":"fr-CA","potentialAction":[{"@type":"CommentAction","name":"Comment","target":["https:\/\/www.lrmm.com\/fr\/actualite-s\/nouvelles\/2018-nouvelles\/selena-lu-membre-du-comite-consultatif-communautaire-daeroports-de-montreal\/#respond"]}]},{"@type":"WebPage","@id":"https:\/\/www.lrmm.com\/fr\/actualite-s\/nouvelles\/2018-nouvelles\/selena-lu-membre-du-comite-consultatif-communautaire-daeroports-de-montreal\/","url":"https:\/\/www.lrmm.com\/fr\/actualite-s\/nouvelles\/2018-nouvelles\/selena-lu-membre-du-comite-consultatif-communautaire-daeroports-de-montreal\/","name":"Selena Lu - Membre du Comit\u00e9 consultatif communautaire d\u2019A\u00e9roports de Montr\u00e9al - Lapointe Rosenstein Marchand Melan\u00e7on","isPartOf":{"@id":"https:\/\/www.lrmm.com\/fr\/#website"},"datePublished":"2022-03-10T02:46:58+00:00","dateModified":"2022-03-10T05:21:50+00:00","author":{"@id":"https:\/\/www.lrmm.com\/fr\/#\/schema\/person\/a494b773bde4003555adf65ea3a908b2"},"breadcrumb":{"@id":"https:\/\/www.lrmm.com\/fr\/actualite-s\/nouvelles\/2018-nouvelles\/selena-lu-membre-du-comite-consultatif-communautaire-daeroports-de-montreal\/#breadcrumb"},"inLanguage":"fr-CA","potentialAction":[{"@type":"ReadAction","target":["https:\/\/www.lrmm.com\/fr\/actualite-s\/nouvelles\/2018-nouvelles\/selena-lu-membre-du-comite-consultatif-communautaire-daeroports-de-montreal\/"]}]},{"@type":"BreadcrumbList","@id":"https:\/\/www.lrmm.com\/fr\/actualite-s\/nouvelles\/2018-nouvelles\/selena-lu-membre-du-comite-consultatif-communautaire-daeroports-de-montreal\/#breadcrumb","itemListElement":[{"@type":"ListItem","position":1,"name":"Accueil","item":"https:\/\/www.lrmm.com\/fr\/"},{"@type":"ListItem","position":2,"name":"Selena Lu &#8211; Membre du Comit\u00e9 consultatif communautaire d\u2019A\u00e9roports de Montr\u00e9al"}]},{"@type":"WebSite","@id":"https:\/\/www.lrmm.com\/fr\/#website","url":"https:\/\/www.lrmm.com\/fr\/","name":"Lapointe Rosenstein Marchand Melan\u00e7on","description":"","potentialAction":[{"@type":"SearchAction","target":{"@type":"EntryPoint","urlTemplate":"https:\/\/www.lrmm.com\/fr\/?s={search_term_string}"},"query-input":{"@type":"PropertyValueSpecification","valueRequired":true,"valueName":"search_term_string"}}],"inLanguage":"fr-CA"},{"@type":"Person","@id":"https:\/\/www.lrmm.com\/fr\/#\/schema\/person\/a494b773bde4003555adf65ea3a908b2","name":"mlbwdev","image":{"@type":"ImageObject","inLanguage":"fr-CA","@id":"https:\/\/www.lrmm.com\/fr\/#\/schema\/person\/image\/","url":"https:\/\/secure.gravatar.com\/avatar\/8ac5052f5b8214925aa49a0e82e9cfb1105700e37a07755ea489abcaad17c9d9?s=96&d=mm&r=g","contentUrl":"https:\/\/secure.gravatar.com\/avatar\/8ac5052f5b8214925aa49a0e82e9cfb1105700e37a07755ea489abcaad17c9d9?s=96&d=mm&r=g","caption":"mlbwdev"}}]}},"_links":{"self":[{"href":"https:\/\/www.lrmm.com\/fr\/wp-json\/wp\/v2\/posts\/1063","targetHints":{"allow":["GET"]}}],"collection":[{"href":"https:\/\/www.lrmm.com\/fr\/wp-json\/wp\/v2\/posts"}],"about":[{"href":"https:\/\/www.lrmm.com\/fr\/wp-json\/wp\/v2\/types\/post"}],"author":[{"embeddable":true,"href":"https:\/\/www.lrmm.com\/fr\/wp-json\/wp\/v2\/users\/1"}],"replies":[{"embeddable":true,"href":"https:\/\/www.lrmm.com\/fr\/wp-json\/wp\/v2\/comments?post=1063"}],"version-history":[{"count":0,"href":"https:\/\/www.lrmm.com\/fr\/wp-json\/wp\/v2\/posts\/1063\/revisions"}],"wp:attachment":[{"href":"https:\/\/www.lrmm.com\/fr\/wp-json\/wp\/v2\/media?parent=1063"}],"wp:term":[{"taxonomy":"category","embeddable":true,"href":"https:\/\/www.lrmm.com\/fr\/wp-json\/wp\/v2\/categories?post=1063"},{"taxonomy":"post_tag","embeddable":true,"href":"https:\/\/www.lrmm.com\/fr\/wp-json\/wp\/v2\/tags?post=1063"}],"curies":[{"name":"wp","href":"https:\/\/api.w.org\/{rel}","templated":true}]}}