{"id":1052,"date":"2018-11-08T00:00:00","date_gmt":"2022-03-10T02:46:56","guid":{"rendered":"https:\/\/www.lrmm.com\/hommage-a-bernard-landry\/"},"modified":"2022-03-10T00:21:50","modified_gmt":"2022-03-10T05:21:50","slug":"hommage-a-bernard-landry","status":"publish","type":"post","link":"https:\/\/www.lrmm.com\/fr\/actualite-s\/nouvelles\/2018-nouvelles\/hommage-a-bernard-landry\/","title":{"rendered":"Hommage \u00e0 Bernard Landry"},"content":{"rendered":"<p> <img decoding=\"async\" src=\"\/CMS\/MediaFree\/image\/Bernard%20Landry.jpg\" width=\"145\" height=\"199\" align=\"left\" hspace=\"6\" alt=\"\">C\u2019est avec tristesse que les associ\u00e9s et le personnel de Lapointe Rosenstein Marchand Melan\u00e7on ont appris le d\u00e9c\u00e8s de Monsieur Bernard Landry, ex-premier ministre du Qu\u00e9bec, qui a commenc\u00e9 sa carri\u00e8re de juriste chez Lapointe Rosenstein en 1969, o\u00f9 il est demeur\u00e9 jusqu\u2019en 1976, pour ensuite se consacrer \u00e0 sa carri\u00e8re politique.<\/p>\n<p>Monsieur Landry a toujours eu un attachement pour les membres de notre cabinet. En 2005, une fois sa carri\u00e8re politique termin\u00e9e, il s\u2019est de nouveau joint \u00e0 notre cabinet en tant que conseiller strat\u00e9gique. Il y est demeur\u00e9 jusqu\u2019en 2016.<\/p>\n<p>Il entretenait des liens \u00e9troits avec plusieurs de nos associ\u00e9s et avait d\u00e9velopp\u00e9 une grande amiti\u00e9 avec certains d\u2019entre eux. C\u2019\u00e9tait un homme d\u2019une grande \u00e9coute et d\u2019une vive intelligence, respectueux et hautement appr\u00e9ci\u00e9.<\/p>\n<p>Les membres de la grande famille Lapointe Rosenstein Marchand Melan\u00e7on garderont un excellent souvenir de son passage et unissent leurs voix pour offrir leurs plus sinc\u00e8res condol\u00e9ances aux membres de sa famille et \u00e0 ses proches.<\/p>\n<p>\u00a0<\/p>\n<p style=\"text-align: center;\">\u00a0<\/p>\n","protected":false},"excerpt":{"rendered":"<p>C\u2019est avec tristesse que les associ\u00e9s et le personnel de Lapointe Rosenstein Marchand Melan\u00e7on ont appris le d\u00e9c\u00e8s de Monsieur Bernard Landry, ex-premier ministre du Qu\u00e9bec, qui a commenc\u00e9 sa carri\u00e8re de juriste chez Lapointe Rosenstein en 1969, o\u00f9 il est demeur\u00e9 jusqu\u2019en 1976, pour ensuite se consacrer \u00e0 sa carri\u00e8re politique. Monsieur Landry a [&hellip;]<\/p>\n","protected":false},"author":1,"featured_media":0,"comment_status":"open","ping_status":"open","sticky":false,"template":"","format":"standard","meta":{"_acf_changed":false,"footnotes":""},"categories":[53,27,44],"tags":[],"class_list":["post-1052","post","type-post","status-publish","format-standard","hentry","category-2018-nouvelles","category-actualite-s","category-nouvelles"],"acf":[],"yoast_head":"<!-- This site is optimized with the Yoast SEO plugin v26.9 - https:\/\/yoast.com\/product\/yoast-seo-wordpress\/ -->\n<title>Hommage \u00e0 Bernard Landry - Lapointe Rosenstein Marchand Melan\u00e7on<\/title>\n<meta name=\"robots\" content=\"index, follow, max-snippet:-1, max-image-preview:large, max-video-preview:-1\" \/>\n<link rel=\"canonical\" href=\"https:\/\/www.lrmm.com\/fr\/actualite-s\/nouvelles\/2018-nouvelles\/hommage-a-bernard-landry\/\" \/>\n<meta property=\"og:locale\" content=\"fr_CA\" \/>\n<meta property=\"og:type\" content=\"article\" \/>\n<meta property=\"og:title\" content=\"Hommage \u00e0 Bernard Landry - Lapointe Rosenstein Marchand Melan\u00e7on\" \/>\n<meta property=\"og:description\" content=\"C\u2019est avec tristesse que les associ\u00e9s et le personnel de Lapointe Rosenstein Marchand Melan\u00e7on ont appris le d\u00e9c\u00e8s de Monsieur Bernard Landry, ex-premier ministre du Qu\u00e9bec, qui a commenc\u00e9 sa carri\u00e8re de juriste chez Lapointe Rosenstein en 1969, o\u00f9 il est demeur\u00e9 jusqu\u2019en 1976, pour ensuite se consacrer \u00e0 sa carri\u00e8re politique. Monsieur Landry a [&hellip;]\" \/>\n<meta property=\"og:url\" content=\"https:\/\/www.lrmm.com\/fr\/actualite-s\/nouvelles\/2018-nouvelles\/hommage-a-bernard-landry\/\" \/>\n<meta property=\"og:site_name\" content=\"Lapointe Rosenstein Marchand Melan\u00e7on\" \/>\n<meta property=\"article:published_time\" content=\"2022-03-10T02:46:56+00:00\" \/>\n<meta property=\"article:modified_time\" content=\"2022-03-10T05:21:50+00:00\" \/>\n<meta name=\"author\" content=\"mlbwdev\" \/>\n<meta name=\"twitter:card\" content=\"summary_large_image\" \/>\n<meta name=\"twitter:label1\" content=\"\u00c9crit par\" \/>\n\t<meta name=\"twitter:data1\" content=\"mlbwdev\" \/>\n\t<meta name=\"twitter:label2\" content=\"Estimation du temps de lecture\" \/>\n\t<meta name=\"twitter:data2\" content=\"1 minute\" \/>\n<script type=\"application\/ld+json\" class=\"yoast-schema-graph\">{\"@context\":\"https:\/\/schema.org\",\"@graph\":[{\"@type\":\"Article\",\"@id\":\"https:\/\/www.lrmm.com\/fr\/actualite-s\/nouvelles\/2018-nouvelles\/hommage-a-bernard-landry\/#article\",\"isPartOf\":{\"@id\":\"https:\/\/www.lrmm.com\/fr\/actualite-s\/nouvelles\/2018-nouvelles\/hommage-a-bernard-landry\/\"},\"author\":{\"name\":\"mlbwdev\",\"@id\":\"https:\/\/www.lrmm.com\/fr\/#\/schema\/person\/a494b773bde4003555adf65ea3a908b2\"},\"headline\":\"Hommage \u00e0 Bernard Landry\",\"datePublished\":\"2022-03-10T02:46:56+00:00\",\"dateModified\":\"2022-03-10T05:21:50+00:00\",\"mainEntityOfPage\":{\"@id\":\"https:\/\/www.lrmm.com\/fr\/actualite-s\/nouvelles\/2018-nouvelles\/hommage-a-bernard-landry\/\"},\"wordCount\":182,\"commentCount\":0,\"articleSection\":[\"2018\",\"Actualit\u00e9s\",\"Nouvelles\"],\"inLanguage\":\"fr-CA\",\"potentialAction\":[{\"@type\":\"CommentAction\",\"name\":\"Comment\",\"target\":[\"https:\/\/www.lrmm.com\/fr\/actualite-s\/nouvelles\/2018-nouvelles\/hommage-a-bernard-landry\/#respond\"]}]},{\"@type\":\"WebPage\",\"@id\":\"https:\/\/www.lrmm.com\/fr\/actualite-s\/nouvelles\/2018-nouvelles\/hommage-a-bernard-landry\/\",\"url\":\"https:\/\/www.lrmm.com\/fr\/actualite-s\/nouvelles\/2018-nouvelles\/hommage-a-bernard-landry\/\",\"name\":\"Hommage \u00e0 Bernard Landry - Lapointe Rosenstein Marchand Melan\u00e7on\",\"isPartOf\":{\"@id\":\"https:\/\/www.lrmm.com\/fr\/#website\"},\"datePublished\":\"2022-03-10T02:46:56+00:00\",\"dateModified\":\"2022-03-10T05:21:50+00:00\",\"author\":{\"@id\":\"https:\/\/www.lrmm.com\/fr\/#\/schema\/person\/a494b773bde4003555adf65ea3a908b2\"},\"breadcrumb\":{\"@id\":\"https:\/\/www.lrmm.com\/fr\/actualite-s\/nouvelles\/2018-nouvelles\/hommage-a-bernard-landry\/#breadcrumb\"},\"inLanguage\":\"fr-CA\",\"potentialAction\":[{\"@type\":\"ReadAction\",\"target\":[\"https:\/\/www.lrmm.com\/fr\/actualite-s\/nouvelles\/2018-nouvelles\/hommage-a-bernard-landry\/\"]}]},{\"@type\":\"BreadcrumbList\",\"@id\":\"https:\/\/www.lrmm.com\/fr\/actualite-s\/nouvelles\/2018-nouvelles\/hommage-a-bernard-landry\/#breadcrumb\",\"itemListElement\":[{\"@type\":\"ListItem\",\"position\":1,\"name\":\"Accueil\",\"item\":\"https:\/\/www.lrmm.com\/fr\/\"},{\"@type\":\"ListItem\",\"position\":2,\"name\":\"Hommage \u00e0 Bernard Landry\"}]},{\"@type\":\"WebSite\",\"@id\":\"https:\/\/www.lrmm.com\/fr\/#website\",\"url\":\"https:\/\/www.lrmm.com\/fr\/\",\"name\":\"Lapointe Rosenstein Marchand Melan\u00e7on\",\"description\":\"\",\"potentialAction\":[{\"@type\":\"SearchAction\",\"target\":{\"@type\":\"EntryPoint\",\"urlTemplate\":\"https:\/\/www.lrmm.com\/fr\/?s={search_term_string}\"},\"query-input\":{\"@type\":\"PropertyValueSpecification\",\"valueRequired\":true,\"valueName\":\"search_term_string\"}}],\"inLanguage\":\"fr-CA\"},{\"@type\":\"Person\",\"@id\":\"https:\/\/www.lrmm.com\/fr\/#\/schema\/person\/a494b773bde4003555adf65ea3a908b2\",\"name\":\"mlbwdev\",\"image\":{\"@type\":\"ImageObject\",\"inLanguage\":\"fr-CA\",\"@id\":\"https:\/\/www.lrmm.com\/fr\/#\/schema\/person\/image\/\",\"url\":\"https:\/\/secure.gravatar.com\/avatar\/8ac5052f5b8214925aa49a0e82e9cfb1105700e37a07755ea489abcaad17c9d9?s=96&d=mm&r=g\",\"contentUrl\":\"https:\/\/secure.gravatar.com\/avatar\/8ac5052f5b8214925aa49a0e82e9cfb1105700e37a07755ea489abcaad17c9d9?s=96&d=mm&r=g\",\"caption\":\"mlbwdev\"}}]}<\/script>\n<!-- \/ Yoast SEO plugin. -->","yoast_head_json":{"title":"Hommage \u00e0 Bernard Landry - Lapointe Rosenstein Marchand Melan\u00e7on","robots":{"index":"index","follow":"follow","max-snippet":"max-snippet:-1","max-image-preview":"max-image-preview:large","max-video-preview":"max-video-preview:-1"},"canonical":"https:\/\/www.lrmm.com\/fr\/actualite-s\/nouvelles\/2018-nouvelles\/hommage-a-bernard-landry\/","og_locale":"fr_CA","og_type":"article","og_title":"Hommage \u00e0 Bernard Landry - Lapointe Rosenstein Marchand Melan\u00e7on","og_description":"C\u2019est avec tristesse que les associ\u00e9s et le personnel de Lapointe Rosenstein Marchand Melan\u00e7on ont appris le d\u00e9c\u00e8s de Monsieur Bernard Landry, ex-premier ministre du Qu\u00e9bec, qui a commenc\u00e9 sa carri\u00e8re de juriste chez Lapointe Rosenstein en 1969, o\u00f9 il est demeur\u00e9 jusqu\u2019en 1976, pour ensuite se consacrer \u00e0 sa carri\u00e8re politique. Monsieur Landry a [&hellip;]","og_url":"https:\/\/www.lrmm.com\/fr\/actualite-s\/nouvelles\/2018-nouvelles\/hommage-a-bernard-landry\/","og_site_name":"Lapointe Rosenstein Marchand Melan\u00e7on","article_published_time":"2022-03-10T02:46:56+00:00","article_modified_time":"2022-03-10T05:21:50+00:00","author":"mlbwdev","twitter_card":"summary_large_image","twitter_misc":{"\u00c9crit par":"mlbwdev","Estimation du temps de lecture":"1 minute"},"schema":{"@context":"https:\/\/schema.org","@graph":[{"@type":"Article","@id":"https:\/\/www.lrmm.com\/fr\/actualite-s\/nouvelles\/2018-nouvelles\/hommage-a-bernard-landry\/#article","isPartOf":{"@id":"https:\/\/www.lrmm.com\/fr\/actualite-s\/nouvelles\/2018-nouvelles\/hommage-a-bernard-landry\/"},"author":{"name":"mlbwdev","@id":"https:\/\/www.lrmm.com\/fr\/#\/schema\/person\/a494b773bde4003555adf65ea3a908b2"},"headline":"Hommage \u00e0 Bernard Landry","datePublished":"2022-03-10T02:46:56+00:00","dateModified":"2022-03-10T05:21:50+00:00","mainEntityOfPage":{"@id":"https:\/\/www.lrmm.com\/fr\/actualite-s\/nouvelles\/2018-nouvelles\/hommage-a-bernard-landry\/"},"wordCount":182,"commentCount":0,"articleSection":["2018","Actualit\u00e9s","Nouvelles"],"inLanguage":"fr-CA","potentialAction":[{"@type":"CommentAction","name":"Comment","target":["https:\/\/www.lrmm.com\/fr\/actualite-s\/nouvelles\/2018-nouvelles\/hommage-a-bernard-landry\/#respond"]}]},{"@type":"WebPage","@id":"https:\/\/www.lrmm.com\/fr\/actualite-s\/nouvelles\/2018-nouvelles\/hommage-a-bernard-landry\/","url":"https:\/\/www.lrmm.com\/fr\/actualite-s\/nouvelles\/2018-nouvelles\/hommage-a-bernard-landry\/","name":"Hommage \u00e0 Bernard Landry - Lapointe Rosenstein Marchand Melan\u00e7on","isPartOf":{"@id":"https:\/\/www.lrmm.com\/fr\/#website"},"datePublished":"2022-03-10T02:46:56+00:00","dateModified":"2022-03-10T05:21:50+00:00","author":{"@id":"https:\/\/www.lrmm.com\/fr\/#\/schema\/person\/a494b773bde4003555adf65ea3a908b2"},"breadcrumb":{"@id":"https:\/\/www.lrmm.com\/fr\/actualite-s\/nouvelles\/2018-nouvelles\/hommage-a-bernard-landry\/#breadcrumb"},"inLanguage":"fr-CA","potentialAction":[{"@type":"ReadAction","target":["https:\/\/www.lrmm.com\/fr\/actualite-s\/nouvelles\/2018-nouvelles\/hommage-a-bernard-landry\/"]}]},{"@type":"BreadcrumbList","@id":"https:\/\/www.lrmm.com\/fr\/actualite-s\/nouvelles\/2018-nouvelles\/hommage-a-bernard-landry\/#breadcrumb","itemListElement":[{"@type":"ListItem","position":1,"name":"Accueil","item":"https:\/\/www.lrmm.com\/fr\/"},{"@type":"ListItem","position":2,"name":"Hommage \u00e0 Bernard Landry"}]},{"@type":"WebSite","@id":"https:\/\/www.lrmm.com\/fr\/#website","url":"https:\/\/www.lrmm.com\/fr\/","name":"Lapointe Rosenstein Marchand Melan\u00e7on","description":"","potentialAction":[{"@type":"SearchAction","target":{"@type":"EntryPoint","urlTemplate":"https:\/\/www.lrmm.com\/fr\/?s={search_term_string}"},"query-input":{"@type":"PropertyValueSpecification","valueRequired":true,"valueName":"search_term_string"}}],"inLanguage":"fr-CA"},{"@type":"Person","@id":"https:\/\/www.lrmm.com\/fr\/#\/schema\/person\/a494b773bde4003555adf65ea3a908b2","name":"mlbwdev","image":{"@type":"ImageObject","inLanguage":"fr-CA","@id":"https:\/\/www.lrmm.com\/fr\/#\/schema\/person\/image\/","url":"https:\/\/secure.gravatar.com\/avatar\/8ac5052f5b8214925aa49a0e82e9cfb1105700e37a07755ea489abcaad17c9d9?s=96&d=mm&r=g","contentUrl":"https:\/\/secure.gravatar.com\/avatar\/8ac5052f5b8214925aa49a0e82e9cfb1105700e37a07755ea489abcaad17c9d9?s=96&d=mm&r=g","caption":"mlbwdev"}}]}},"_links":{"self":[{"href":"https:\/\/www.lrmm.com\/fr\/wp-json\/wp\/v2\/posts\/1052","targetHints":{"allow":["GET"]}}],"collection":[{"href":"https:\/\/www.lrmm.com\/fr\/wp-json\/wp\/v2\/posts"}],"about":[{"href":"https:\/\/www.lrmm.com\/fr\/wp-json\/wp\/v2\/types\/post"}],"author":[{"embeddable":true,"href":"https:\/\/www.lrmm.com\/fr\/wp-json\/wp\/v2\/users\/1"}],"replies":[{"embeddable":true,"href":"https:\/\/www.lrmm.com\/fr\/wp-json\/wp\/v2\/comments?post=1052"}],"version-history":[{"count":0,"href":"https:\/\/www.lrmm.com\/fr\/wp-json\/wp\/v2\/posts\/1052\/revisions"}],"wp:attachment":[{"href":"https:\/\/www.lrmm.com\/fr\/wp-json\/wp\/v2\/media?parent=1052"}],"wp:term":[{"taxonomy":"category","embeddable":true,"href":"https:\/\/www.lrmm.com\/fr\/wp-json\/wp\/v2\/categories?post=1052"},{"taxonomy":"post_tag","embeddable":true,"href":"https:\/\/www.lrmm.com\/fr\/wp-json\/wp\/v2\/tags?post=1052"}],"curies":[{"name":"wp","href":"https:\/\/api.w.org\/{rel}","templated":true}]}}