{"id":3134,"date":"2018-05-30T00:00:00","date_gmt":"2022-03-16T14:28:08","guid":{"rendered":"https:\/\/www.lrmm.com\/uncategorized\/selena-lu-president-of-the-junior-chamber-of-commerce-of-montreal-jccm\/"},"modified":"2022-03-16T10:38:38","modified_gmt":"2022-03-16T14:38:38","slug":"selena-lu-president-of-the-junior-chamber-of-commerce-of-montreal-jccm","status":"publish","type":"post","link":"https:\/\/www.lrmm.com\/en\/what-s-new\/news\/2018-news\/selena-lu-president-of-the-junior-chamber-of-commerce-of-montreal-jccm\/","title":{"rendered":"Selena Lu &#8211; President of the Junior Chamber of Commerce of Montreal (JCCM)"},"content":{"rendered":"<p> The entire team at Lapointe Rosenstein Marchand Melan\u00e7on congratulates\u00a0Selena Lu\u00a0on her appointment as President of the Junior Chamber of Commerce of Montreal (JCCM), which was announced at the Arista Gala on May\u00a029<sup>th<\/sup>. Working in our Commercial Law group, this dynamic young lawyer has distinguished herself through her remarkable commitment to her clients, as well as her many achievements in the business sector and the community.<\/p>\n<p>As President of the JCCM, Selena Lu will act both as a representative and spokesperson for members and the next generation. Her keen business sense and extensive legal expertise will serve her well in this new role. She advises a large number of SMEs on commercial law matters and several international clients also call on her for mandates related to investments and expansion in Canada.<\/p>\n<p>Her experience and her sought-after skills in the area of governance have also made her an outstanding administrator since the very beginning of her career. Currently, Selena Lu sits on the boards of directors of the Coll\u00e8ge des administrateurs de soci\u00e9t\u00e9s, the Montreal Fashion &amp; Design Festival and the National Museum of Fine Arts of Qu\u00e9bec.<\/p>\n<p>At LRMM, she is also an active and dedicated member of the LRMM au f\u00e9minin committee, a network of businesswomen, professionals and clients of the firm that encourages engagement in their spheres of influence and promotes business opportunities.<br \/> \u00a0<\/p>\n<p style=\"text-align: center;\"><img fetchpriority=\"high\" decoding=\"async\" src=\"\/CMS\/MediaFree\/image\/Selena-1362.jpg\" width=\"400\" height=\"267\" alt=\"\"><\/p>\n","protected":false},"excerpt":{"rendered":"<p>The entire team at Lapointe Rosenstein Marchand Melan\u00e7on congratulates\u00a0Selena Lu\u00a0on her appointment as President of the Junior Chamber of Commerce of Montreal (JCCM), which was announced at the Arista Gala on May\u00a029th. Working in our Commercial Law group, this dynamic young lawyer has distinguished herself through her remarkable commitment to her clients, as well as [&hellip;]<\/p>\n","protected":false},"author":1,"featured_media":0,"comment_status":"open","ping_status":"open","sticky":false,"template":"","format":"standard","meta":{"_acf_changed":false,"footnotes":""},"categories":[113,104,87],"tags":[],"class_list":["post-3134","post","type-post","status-publish","format-standard","hentry","category-2018-news","category-news","category-what-s-new"],"acf":[],"yoast_head":"<!-- This site is optimized with the Yoast SEO plugin v26.9 - https:\/\/yoast.com\/product\/yoast-seo-wordpress\/ -->\n<title>Selena Lu - President of the Junior Chamber of Commerce of Montreal (JCCM) - Lapointe Rosenstein Marchand Melan\u00e7on<\/title>\n<meta name=\"robots\" content=\"index, follow, max-snippet:-1, max-image-preview:large, max-video-preview:-1\" \/>\n<link rel=\"canonical\" href=\"https:\/\/www.lrmm.com\/en\/what-s-new\/news\/2018-news\/selena-lu-president-of-the-junior-chamber-of-commerce-of-montreal-jccm\/\" \/>\n<meta property=\"og:locale\" content=\"en_US\" \/>\n<meta property=\"og:type\" content=\"article\" \/>\n<meta property=\"og:title\" content=\"Selena Lu - President of the Junior Chamber of Commerce of Montreal (JCCM) - Lapointe Rosenstein Marchand Melan\u00e7on\" \/>\n<meta property=\"og:description\" content=\"The entire team at Lapointe Rosenstein Marchand Melan\u00e7on congratulates\u00a0Selena Lu\u00a0on her appointment as President of the Junior Chamber of Commerce of Montreal (JCCM), which was announced at the Arista Gala on May\u00a029th. Working in our Commercial Law group, this dynamic young lawyer has distinguished herself through her remarkable commitment to her clients, as well as [&hellip;]\" \/>\n<meta property=\"og:url\" content=\"https:\/\/www.lrmm.com\/en\/what-s-new\/news\/2018-news\/selena-lu-president-of-the-junior-chamber-of-commerce-of-montreal-jccm\/\" \/>\n<meta property=\"og:site_name\" content=\"Lapointe Rosenstein Marchand Melan\u00e7on\" \/>\n<meta property=\"article:published_time\" content=\"2022-03-16T14:28:08+00:00\" \/>\n<meta property=\"article:modified_time\" content=\"2022-03-16T14:38:38+00:00\" \/>\n<meta name=\"author\" content=\"mlbwdev\" \/>\n<meta name=\"twitter:card\" content=\"summary_large_image\" \/>\n<meta name=\"twitter:label1\" content=\"Written by\" \/>\n\t<meta name=\"twitter:data1\" content=\"mlbwdev\" \/>\n\t<meta name=\"twitter:label2\" content=\"Est. reading time\" \/>\n\t<meta name=\"twitter:data2\" content=\"1 minute\" \/>\n<script type=\"application\/ld+json\" class=\"yoast-schema-graph\">{\"@context\":\"https:\/\/schema.org\",\"@graph\":[{\"@type\":\"Article\",\"@id\":\"https:\/\/www.lrmm.com\/en\/what-s-new\/news\/2018-news\/selena-lu-president-of-the-junior-chamber-of-commerce-of-montreal-jccm\/#article\",\"isPartOf\":{\"@id\":\"https:\/\/www.lrmm.com\/en\/what-s-new\/news\/2018-news\/selena-lu-president-of-the-junior-chamber-of-commerce-of-montreal-jccm\/\"},\"author\":{\"name\":\"mlbwdev\",\"@id\":\"https:\/\/www.lrmm.com\/en\/#\/schema\/person\/a494b773bde4003555adf65ea3a908b2\"},\"headline\":\"Selena Lu &#8211; President of the Junior Chamber of Commerce of Montreal (JCCM)\",\"datePublished\":\"2022-03-16T14:28:08+00:00\",\"dateModified\":\"2022-03-16T14:38:38+00:00\",\"mainEntityOfPage\":{\"@id\":\"https:\/\/www.lrmm.com\/en\/what-s-new\/news\/2018-news\/selena-lu-president-of-the-junior-chamber-of-commerce-of-montreal-jccm\/\"},\"wordCount\":246,\"commentCount\":0,\"articleSection\":[\"2018\",\"News\",\"What&#039;s new\"],\"inLanguage\":\"en-CA\",\"potentialAction\":[{\"@type\":\"CommentAction\",\"name\":\"Comment\",\"target\":[\"https:\/\/www.lrmm.com\/en\/what-s-new\/news\/2018-news\/selena-lu-president-of-the-junior-chamber-of-commerce-of-montreal-jccm\/#respond\"]}]},{\"@type\":\"WebPage\",\"@id\":\"https:\/\/www.lrmm.com\/en\/what-s-new\/news\/2018-news\/selena-lu-president-of-the-junior-chamber-of-commerce-of-montreal-jccm\/\",\"url\":\"https:\/\/www.lrmm.com\/en\/what-s-new\/news\/2018-news\/selena-lu-president-of-the-junior-chamber-of-commerce-of-montreal-jccm\/\",\"name\":\"Selena Lu - President of the Junior Chamber of Commerce of Montreal (JCCM) - Lapointe Rosenstein Marchand Melan\u00e7on\",\"isPartOf\":{\"@id\":\"https:\/\/www.lrmm.com\/en\/#website\"},\"datePublished\":\"2022-03-16T14:28:08+00:00\",\"dateModified\":\"2022-03-16T14:38:38+00:00\",\"author\":{\"@id\":\"https:\/\/www.lrmm.com\/en\/#\/schema\/person\/a494b773bde4003555adf65ea3a908b2\"},\"breadcrumb\":{\"@id\":\"https:\/\/www.lrmm.com\/en\/what-s-new\/news\/2018-news\/selena-lu-president-of-the-junior-chamber-of-commerce-of-montreal-jccm\/#breadcrumb\"},\"inLanguage\":\"en-CA\",\"potentialAction\":[{\"@type\":\"ReadAction\",\"target\":[\"https:\/\/www.lrmm.com\/en\/what-s-new\/news\/2018-news\/selena-lu-president-of-the-junior-chamber-of-commerce-of-montreal-jccm\/\"]}]},{\"@type\":\"BreadcrumbList\",\"@id\":\"https:\/\/www.lrmm.com\/en\/what-s-new\/news\/2018-news\/selena-lu-president-of-the-junior-chamber-of-commerce-of-montreal-jccm\/#breadcrumb\",\"itemListElement\":[{\"@type\":\"ListItem\",\"position\":1,\"name\":\"Welcome\",\"item\":\"https:\/\/www.lrmm.com\/en\/\"},{\"@type\":\"ListItem\",\"position\":2,\"name\":\"Selena Lu &#8211; President of the Junior Chamber of Commerce of Montreal (JCCM)\"}]},{\"@type\":\"WebSite\",\"@id\":\"https:\/\/www.lrmm.com\/en\/#website\",\"url\":\"https:\/\/www.lrmm.com\/en\/\",\"name\":\"Lapointe Rosenstein Marchand Melan\u00e7on\",\"description\":\"\",\"potentialAction\":[{\"@type\":\"SearchAction\",\"target\":{\"@type\":\"EntryPoint\",\"urlTemplate\":\"https:\/\/www.lrmm.com\/en\/?s={search_term_string}\"},\"query-input\":{\"@type\":\"PropertyValueSpecification\",\"valueRequired\":true,\"valueName\":\"search_term_string\"}}],\"inLanguage\":\"en-CA\"},{\"@type\":\"Person\",\"@id\":\"https:\/\/www.lrmm.com\/en\/#\/schema\/person\/a494b773bde4003555adf65ea3a908b2\",\"name\":\"mlbwdev\",\"image\":{\"@type\":\"ImageObject\",\"inLanguage\":\"en-CA\",\"@id\":\"https:\/\/www.lrmm.com\/en\/#\/schema\/person\/image\/\",\"url\":\"https:\/\/secure.gravatar.com\/avatar\/8ac5052f5b8214925aa49a0e82e9cfb1105700e37a07755ea489abcaad17c9d9?s=96&d=mm&r=g\",\"contentUrl\":\"https:\/\/secure.gravatar.com\/avatar\/8ac5052f5b8214925aa49a0e82e9cfb1105700e37a07755ea489abcaad17c9d9?s=96&d=mm&r=g\",\"caption\":\"mlbwdev\"}}]}<\/script>\n<!-- \/ Yoast SEO plugin. -->","yoast_head_json":{"title":"Selena Lu - President of the Junior Chamber of Commerce of Montreal (JCCM) - Lapointe Rosenstein Marchand Melan\u00e7on","robots":{"index":"index","follow":"follow","max-snippet":"max-snippet:-1","max-image-preview":"max-image-preview:large","max-video-preview":"max-video-preview:-1"},"canonical":"https:\/\/www.lrmm.com\/en\/what-s-new\/news\/2018-news\/selena-lu-president-of-the-junior-chamber-of-commerce-of-montreal-jccm\/","og_locale":"en_US","og_type":"article","og_title":"Selena Lu - President of the Junior Chamber of Commerce of Montreal (JCCM) - Lapointe Rosenstein Marchand Melan\u00e7on","og_description":"The entire team at Lapointe Rosenstein Marchand Melan\u00e7on congratulates\u00a0Selena Lu\u00a0on her appointment as President of the Junior Chamber of Commerce of Montreal (JCCM), which was announced at the Arista Gala on May\u00a029th. Working in our Commercial Law group, this dynamic young lawyer has distinguished herself through her remarkable commitment to her clients, as well as [&hellip;]","og_url":"https:\/\/www.lrmm.com\/en\/what-s-new\/news\/2018-news\/selena-lu-president-of-the-junior-chamber-of-commerce-of-montreal-jccm\/","og_site_name":"Lapointe Rosenstein Marchand Melan\u00e7on","article_published_time":"2022-03-16T14:28:08+00:00","article_modified_time":"2022-03-16T14:38:38+00:00","author":"mlbwdev","twitter_card":"summary_large_image","twitter_misc":{"Written by":"mlbwdev","Est. reading time":"1 minute"},"schema":{"@context":"https:\/\/schema.org","@graph":[{"@type":"Article","@id":"https:\/\/www.lrmm.com\/en\/what-s-new\/news\/2018-news\/selena-lu-president-of-the-junior-chamber-of-commerce-of-montreal-jccm\/#article","isPartOf":{"@id":"https:\/\/www.lrmm.com\/en\/what-s-new\/news\/2018-news\/selena-lu-president-of-the-junior-chamber-of-commerce-of-montreal-jccm\/"},"author":{"name":"mlbwdev","@id":"https:\/\/www.lrmm.com\/en\/#\/schema\/person\/a494b773bde4003555adf65ea3a908b2"},"headline":"Selena Lu &#8211; President of the Junior Chamber of Commerce of Montreal (JCCM)","datePublished":"2022-03-16T14:28:08+00:00","dateModified":"2022-03-16T14:38:38+00:00","mainEntityOfPage":{"@id":"https:\/\/www.lrmm.com\/en\/what-s-new\/news\/2018-news\/selena-lu-president-of-the-junior-chamber-of-commerce-of-montreal-jccm\/"},"wordCount":246,"commentCount":0,"articleSection":["2018","News","What&#039;s new"],"inLanguage":"en-CA","potentialAction":[{"@type":"CommentAction","name":"Comment","target":["https:\/\/www.lrmm.com\/en\/what-s-new\/news\/2018-news\/selena-lu-president-of-the-junior-chamber-of-commerce-of-montreal-jccm\/#respond"]}]},{"@type":"WebPage","@id":"https:\/\/www.lrmm.com\/en\/what-s-new\/news\/2018-news\/selena-lu-president-of-the-junior-chamber-of-commerce-of-montreal-jccm\/","url":"https:\/\/www.lrmm.com\/en\/what-s-new\/news\/2018-news\/selena-lu-president-of-the-junior-chamber-of-commerce-of-montreal-jccm\/","name":"Selena Lu - President of the Junior Chamber of Commerce of Montreal (JCCM) - Lapointe Rosenstein Marchand Melan\u00e7on","isPartOf":{"@id":"https:\/\/www.lrmm.com\/en\/#website"},"datePublished":"2022-03-16T14:28:08+00:00","dateModified":"2022-03-16T14:38:38+00:00","author":{"@id":"https:\/\/www.lrmm.com\/en\/#\/schema\/person\/a494b773bde4003555adf65ea3a908b2"},"breadcrumb":{"@id":"https:\/\/www.lrmm.com\/en\/what-s-new\/news\/2018-news\/selena-lu-president-of-the-junior-chamber-of-commerce-of-montreal-jccm\/#breadcrumb"},"inLanguage":"en-CA","potentialAction":[{"@type":"ReadAction","target":["https:\/\/www.lrmm.com\/en\/what-s-new\/news\/2018-news\/selena-lu-president-of-the-junior-chamber-of-commerce-of-montreal-jccm\/"]}]},{"@type":"BreadcrumbList","@id":"https:\/\/www.lrmm.com\/en\/what-s-new\/news\/2018-news\/selena-lu-president-of-the-junior-chamber-of-commerce-of-montreal-jccm\/#breadcrumb","itemListElement":[{"@type":"ListItem","position":1,"name":"Welcome","item":"https:\/\/www.lrmm.com\/en\/"},{"@type":"ListItem","position":2,"name":"Selena Lu &#8211; President of the Junior Chamber of Commerce of Montreal (JCCM)"}]},{"@type":"WebSite","@id":"https:\/\/www.lrmm.com\/en\/#website","url":"https:\/\/www.lrmm.com\/en\/","name":"Lapointe Rosenstein Marchand Melan\u00e7on","description":"","potentialAction":[{"@type":"SearchAction","target":{"@type":"EntryPoint","urlTemplate":"https:\/\/www.lrmm.com\/en\/?s={search_term_string}"},"query-input":{"@type":"PropertyValueSpecification","valueRequired":true,"valueName":"search_term_string"}}],"inLanguage":"en-CA"},{"@type":"Person","@id":"https:\/\/www.lrmm.com\/en\/#\/schema\/person\/a494b773bde4003555adf65ea3a908b2","name":"mlbwdev","image":{"@type":"ImageObject","inLanguage":"en-CA","@id":"https:\/\/www.lrmm.com\/en\/#\/schema\/person\/image\/","url":"https:\/\/secure.gravatar.com\/avatar\/8ac5052f5b8214925aa49a0e82e9cfb1105700e37a07755ea489abcaad17c9d9?s=96&d=mm&r=g","contentUrl":"https:\/\/secure.gravatar.com\/avatar\/8ac5052f5b8214925aa49a0e82e9cfb1105700e37a07755ea489abcaad17c9d9?s=96&d=mm&r=g","caption":"mlbwdev"}}]}},"_links":{"self":[{"href":"https:\/\/www.lrmm.com\/en\/wp-json\/wp\/v2\/posts\/3134","targetHints":{"allow":["GET"]}}],"collection":[{"href":"https:\/\/www.lrmm.com\/en\/wp-json\/wp\/v2\/posts"}],"about":[{"href":"https:\/\/www.lrmm.com\/en\/wp-json\/wp\/v2\/types\/post"}],"author":[{"embeddable":true,"href":"https:\/\/www.lrmm.com\/en\/wp-json\/wp\/v2\/users\/1"}],"replies":[{"embeddable":true,"href":"https:\/\/www.lrmm.com\/en\/wp-json\/wp\/v2\/comments?post=3134"}],"version-history":[{"count":0,"href":"https:\/\/www.lrmm.com\/en\/wp-json\/wp\/v2\/posts\/3134\/revisions"}],"wp:attachment":[{"href":"https:\/\/www.lrmm.com\/en\/wp-json\/wp\/v2\/media?parent=3134"}],"wp:term":[{"taxonomy":"category","embeddable":true,"href":"https:\/\/www.lrmm.com\/en\/wp-json\/wp\/v2\/categories?post=3134"},{"taxonomy":"post_tag","embeddable":true,"href":"https:\/\/www.lrmm.com\/en\/wp-json\/wp\/v2\/tags?post=3134"}],"curies":[{"name":"wp","href":"https:\/\/api.w.org\/{rel}","templated":true}]}}